{"id":4750,"date":"2022-10-06T15:34:07","date_gmt":"2022-10-06T13:34:07","guid":{"rendered":"https:\/\/agora.xtec.cat\/esc-tarragona\/?p=4750"},"modified":"2022-10-06T15:34:07","modified_gmt":"2022-10-06T13:34:07","slug":"laleix-de-1r-a-ens-toca-el-piano","status":"publish","type":"post","link":"https:\/\/agora.xtec.cat\/esc-tarragona\/general\/laleix-de-1r-a-ens-toca-el-piano\/","title":{"rendered":"L&#8217;Aleix de 1r A ens toca el piano!"},"content":{"rendered":"<p style=\"font-weight: 400;\">L\u2019Aleix ha volgut compartir amb tots els seus companys de 1r A, una can\u00e7\u00f3 que li agrada molt: les abelles. Qu\u00e8 b\u00e9 poder tocar un instrument tan jovenet i alhora, aprofitar el piano de la classe. Gr\u00e0cies Aleix!<\/p>\n<p><iframe loading=\"lazy\" title=\"Aleix piano 1r A 2022\" width=\"500\" height=\"281\" src=\"https:\/\/www.youtube.com\/embed\/AcD02WF3Bsg?feature=oembed\" frameborder=\"0\" allow=\"accelerometer; autoplay; clipboard-write; encrypted-media; gyroscope; picture-in-picture; web-share\" referrerpolicy=\"strict-origin-when-cross-origin\" allowfullscreen><\/iframe><\/p>\n","protected":false},"excerpt":{"rendered":"<p>L\u2019Aleix ha volgut compartir amb tots els seus companys de 1r A, una can\u00e7\u00f3 que li agrada molt: les abelles. Qu\u00e8 b\u00e9 poder tocar un instrument tan jovenet i alhora, aprofitar el piano de la classe. Gr\u00e0cies Aleix!<\/p>\n","protected":false},"author":11,"featured_media":4751,"comment_status":"closed","ping_status":"closed","sticky":false,"template":"","format":"standard","meta":{"_bbp_topic_count":0,"_bbp_reply_count":0,"_bbp_total_topic_count":0,"_bbp_total_reply_count":0,"_bbp_voice_count":0,"_bbp_anonymous_reply_count":0,"_bbp_topic_count_hidden":0,"_bbp_reply_count_hidden":0,"_bbp_forum_subforum_count":0,"footnotes":""},"categories":[10,5,1,4],"tags":[],"class_list":["post-4750","post","type-post","status-publish","format-standard","has-post-thumbnail","hentry","category-1r","category-primaria","category-general","category-portada"],"post_mailing_queue_ids":[],"_links":{"self":[{"href":"https:\/\/agora.xtec.cat\/esc-tarragona\/wp-json\/wp\/v2\/posts\/4750","targetHints":{"allow":["GET"]}}],"collection":[{"href":"https:\/\/agora.xtec.cat\/esc-tarragona\/wp-json\/wp\/v2\/posts"}],"about":[{"href":"https:\/\/agora.xtec.cat\/esc-tarragona\/wp-json\/wp\/v2\/types\/post"}],"author":[{"embeddable":true,"href":"https:\/\/agora.xtec.cat\/esc-tarragona\/wp-json\/wp\/v2\/users\/11"}],"replies":[{"embeddable":true,"href":"https:\/\/agora.xtec.cat\/esc-tarragona\/wp-json\/wp\/v2\/comments?post=4750"}],"version-history":[{"count":1,"href":"https:\/\/agora.xtec.cat\/esc-tarragona\/wp-json\/wp\/v2\/posts\/4750\/revisions"}],"predecessor-version":[{"id":4752,"href":"https:\/\/agora.xtec.cat\/esc-tarragona\/wp-json\/wp\/v2\/posts\/4750\/revisions\/4752"}],"wp:featuredmedia":[{"embeddable":true,"href":"https:\/\/agora.xtec.cat\/esc-tarragona\/wp-json\/wp\/v2\/media\/4751"}],"wp:attachment":[{"href":"https:\/\/agora.xtec.cat\/esc-tarragona\/wp-json\/wp\/v2\/media?parent=4750"}],"wp:term":[{"taxonomy":"category","embeddable":true,"href":"https:\/\/agora.xtec.cat\/esc-tarragona\/wp-json\/wp\/v2\/categories?post=4750"},{"taxonomy":"post_tag","embeddable":true,"href":"https:\/\/agora.xtec.cat\/esc-tarragona\/wp-json\/wp\/v2\/tags?post=4750"}],"curies":[{"name":"wp","href":"https:\/\/api.w.org\/{rel}","templated":true}]}}