{"id":4665,"date":"2022-09-26T22:30:31","date_gmt":"2022-09-26T20:30:31","guid":{"rendered":"https:\/\/agora.xtec.cat\/esc-tarragona\/?p=4665"},"modified":"2022-09-26T22:33:43","modified_gmt":"2022-09-26T20:33:43","slug":"jocs-ritmico-melodics-a-2n-deducacio-primaria","status":"publish","type":"post","link":"https:\/\/agora.xtec.cat\/esc-tarragona\/general\/jocs-ritmico-melodics-a-2n-deducacio-primaria\/","title":{"rendered":"Jocs r\u00edtmico-mel\u00f2dics a 2n d&#8217;Educaci\u00f3 Prim\u00e0ria"},"content":{"rendered":"<p>Aquests primers dies d\u2019escola, els alumnes de 2n de Prim\u00e0ria hem estat aprenent un joc r\u00edtmico-mel\u00f2dic sobre la cucafera de la nostra ciutat! Esperem que us agradi aquesta nova creaci\u00f3 dedicada a una de les b\u00e8sties del seguici. Que no pari el ritme!<\/p>\n<p>Us obsequiem\u00a0 la fitxa que hem fet a les aules i amb aquests v\u00eddeos !<\/p>\n<p><a href=\"https:\/\/agora.xtec.cat\/esc-tarragona\/wp-content\/uploads\/usu827\/2022\/09\/La-cucafera-joc-ritmic-i-melodic-Laura-i-Nuria-C..pdf\">La cucafera joc r\u00edtmic i mel\u00f2dic Laura i N\u00faria C.<\/a><\/p>\n<p><iframe loading=\"lazy\" title=\"Santa Tecla 2022 La cucafera 2n B\" width=\"500\" height=\"281\" src=\"https:\/\/www.youtube.com\/embed\/Y2GMXT3eWLs?feature=oembed\" frameborder=\"0\" allow=\"accelerometer; autoplay; clipboard-write; encrypted-media; gyroscope; picture-in-picture; web-share\" referrerpolicy=\"strict-origin-when-cross-origin\" allowfullscreen><\/iframe><\/p>\n<p><iframe loading=\"lazy\" title=\"Santa Tecla 2022 La cucafera 2n A\" width=\"500\" height=\"281\" src=\"https:\/\/www.youtube.com\/embed\/uMcMrHzlOx0?feature=oembed\" frameborder=\"0\" allow=\"accelerometer; autoplay; clipboard-write; encrypted-media; gyroscope; picture-in-picture; web-share\" referrerpolicy=\"strict-origin-when-cross-origin\" allowfullscreen><\/iframe><\/p>\n<p style=\"text-align: center;\">\n","protected":false},"excerpt":{"rendered":"<p>Aquests primers dies d\u2019escola, els alumnes de 2n de Prim\u00e0ria hem estat aprenent un joc r\u00edtmico-mel\u00f2dic sobre la cucafera de la nostra ciutat! Esperem que us agradi aquesta nova creaci\u00f3 dedicada a una de les b\u00e8sties del seguici. Que no pari el ritme!<br \/>\nUs obsequiem\u00a0 la&hellip;  <a href=\"https:\/\/agora.xtec.cat\/esc-tarragona\/general\/jocs-ritmico-melodics-a-2n-deducacio-primaria\/\" title=\"Read Jocs r\u00edtmico-mel\u00f2dics a 2n d&#8217;Educaci\u00f3 Prim\u00e0ria\">Llegeix m\u00e9s\u00bb<\/a><\/p>\n","protected":false},"author":1,"featured_media":4671,"comment_status":"closed","ping_status":"closed","sticky":false,"template":"","format":"standard","meta":{"_bbp_topic_count":0,"_bbp_reply_count":0,"_bbp_total_topic_count":0,"_bbp_total_reply_count":0,"_bbp_voice_count":0,"_bbp_anonymous_reply_count":0,"_bbp_topic_count_hidden":0,"_bbp_reply_count_hidden":0,"_bbp_forum_subforum_count":0,"footnotes":""},"categories":[11,1,59,4],"tags":[],"class_list":["post-4665","post","type-post","status-publish","format-standard","has-post-thumbnail","hentry","category-2n","category-general","category-musica","category-portada"],"post_mailing_queue_ids":[],"_links":{"self":[{"href":"https:\/\/agora.xtec.cat\/esc-tarragona\/wp-json\/wp\/v2\/posts\/4665","targetHints":{"allow":["GET"]}}],"collection":[{"href":"https:\/\/agora.xtec.cat\/esc-tarragona\/wp-json\/wp\/v2\/posts"}],"about":[{"href":"https:\/\/agora.xtec.cat\/esc-tarragona\/wp-json\/wp\/v2\/types\/post"}],"author":[{"embeddable":true,"href":"https:\/\/agora.xtec.cat\/esc-tarragona\/wp-json\/wp\/v2\/users\/1"}],"replies":[{"embeddable":true,"href":"https:\/\/agora.xtec.cat\/esc-tarragona\/wp-json\/wp\/v2\/comments?post=4665"}],"version-history":[{"count":3,"href":"https:\/\/agora.xtec.cat\/esc-tarragona\/wp-json\/wp\/v2\/posts\/4665\/revisions"}],"predecessor-version":[{"id":4669,"href":"https:\/\/agora.xtec.cat\/esc-tarragona\/wp-json\/wp\/v2\/posts\/4665\/revisions\/4669"}],"wp:featuredmedia":[{"embeddable":true,"href":"https:\/\/agora.xtec.cat\/esc-tarragona\/wp-json\/wp\/v2\/media\/4671"}],"wp:attachment":[{"href":"https:\/\/agora.xtec.cat\/esc-tarragona\/wp-json\/wp\/v2\/media?parent=4665"}],"wp:term":[{"taxonomy":"category","embeddable":true,"href":"https:\/\/agora.xtec.cat\/esc-tarragona\/wp-json\/wp\/v2\/categories?post=4665"},{"taxonomy":"post_tag","embeddable":true,"href":"https:\/\/agora.xtec.cat\/esc-tarragona\/wp-json\/wp\/v2\/tags?post=4665"}],"curies":[{"name":"wp","href":"https:\/\/api.w.org\/{rel}","templated":true}]}}