{"id":3967,"date":"2022-06-03T09:25:48","date_gmt":"2022-06-03T07:25:48","guid":{"rendered":"https:\/\/agora.xtec.cat\/esc-tarragona\/?p=3967"},"modified":"2022-06-03T09:31:28","modified_gmt":"2022-06-03T07:31:28","slug":"got-talent-a-lescola-tarragona","status":"publish","type":"post","link":"https:\/\/agora.xtec.cat\/esc-tarragona\/general\/got-talent-a-lescola-tarragona\/","title":{"rendered":"Got Talent a l&#8217;Escola Tarragona!"},"content":{"rendered":"<p><span style=\"color: #000000;\">Els nens de sis\u00e8 i els monitors de menjador han organizat el concurs de &#8220;Got talent a l&#8217;Escola Tarragona&#8221;.<\/span><\/p>\n<p><span style=\"color: #000000;\">Ha estat una experiencia \u00fanica, una implicaci\u00f3 total dels alumnes de sis\u00e8 i una participaci\u00f3 massiva i de molta qualitat dels alumnes d&#8217;Educaci\u00f3 Prim\u00e0ria.<\/span><\/p>\n<p><span style=\"color: #000000;\">Esperem que gaudiu del v\u00eddeo!<\/span><\/p>\n<div dir=\"auto\"><\/div>\n<div dir=\"auto\">\n<p><iframe loading=\"lazy\" title=\"Got Talent\" width=\"500\" height=\"375\" src=\"https:\/\/www.youtube.com\/embed\/lK47MNLDR9U?feature=oembed\" frameborder=\"0\" allow=\"accelerometer; autoplay; clipboard-write; encrypted-media; gyroscope; picture-in-picture; web-share\" referrerpolicy=\"strict-origin-when-cross-origin\" allowfullscreen><\/iframe><\/p>\n<\/div>\n","protected":false},"excerpt":{"rendered":"<p>Els nens de sis\u00e8 i els monitors de menjador han organizat el concurs de &#8220;Got talent a l&#8217;Escola Tarragona&#8221;.<br \/>\nHa estat una experiencia \u00fanica, una implicaci\u00f3 total dels alumnes de sis\u00e8 i una participaci\u00f3 massiva i de molta qualitat dels alumnes d&#8217;Educaci\u00f3 Prim\u00e0ria.<br \/>\nEsperem que gaudiu del&hellip;  <a href=\"https:\/\/agora.xtec.cat\/esc-tarragona\/general\/got-talent-a-lescola-tarragona\/\" title=\"Read Got Talent a l&#8217;Escola Tarragona!\">Llegeix m\u00e9s\u00bb<\/a><\/p>\n","protected":false},"author":1,"featured_media":0,"comment_status":"closed","ping_status":"closed","sticky":false,"template":"","format":"standard","meta":{"_bbp_topic_count":0,"_bbp_reply_count":0,"_bbp_total_topic_count":0,"_bbp_total_reply_count":0,"_bbp_voice_count":0,"_bbp_anonymous_reply_count":0,"_bbp_topic_count_hidden":0,"_bbp_reply_count_hidden":0,"_bbp_forum_subforum_count":0,"footnotes":""},"categories":[13,15,5,1,4],"tags":[],"class_list":["post-3967","post","type-post","status-publish","format-standard","hentry","category-4t","category-6e","category-primaria","category-general","category-portada"],"post_mailing_queue_ids":[],"_links":{"self":[{"href":"https:\/\/agora.xtec.cat\/esc-tarragona\/wp-json\/wp\/v2\/posts\/3967","targetHints":{"allow":["GET"]}}],"collection":[{"href":"https:\/\/agora.xtec.cat\/esc-tarragona\/wp-json\/wp\/v2\/posts"}],"about":[{"href":"https:\/\/agora.xtec.cat\/esc-tarragona\/wp-json\/wp\/v2\/types\/post"}],"author":[{"embeddable":true,"href":"https:\/\/agora.xtec.cat\/esc-tarragona\/wp-json\/wp\/v2\/users\/1"}],"replies":[{"embeddable":true,"href":"https:\/\/agora.xtec.cat\/esc-tarragona\/wp-json\/wp\/v2\/comments?post=3967"}],"version-history":[{"count":3,"href":"https:\/\/agora.xtec.cat\/esc-tarragona\/wp-json\/wp\/v2\/posts\/3967\/revisions"}],"predecessor-version":[{"id":3972,"href":"https:\/\/agora.xtec.cat\/esc-tarragona\/wp-json\/wp\/v2\/posts\/3967\/revisions\/3972"}],"wp:attachment":[{"href":"https:\/\/agora.xtec.cat\/esc-tarragona\/wp-json\/wp\/v2\/media?parent=3967"}],"wp:term":[{"taxonomy":"category","embeddable":true,"href":"https:\/\/agora.xtec.cat\/esc-tarragona\/wp-json\/wp\/v2\/categories?post=3967"},{"taxonomy":"post_tag","embeddable":true,"href":"https:\/\/agora.xtec.cat\/esc-tarragona\/wp-json\/wp\/v2\/tags?post=3967"}],"curies":[{"name":"wp","href":"https:\/\/api.w.org\/{rel}","templated":true}]}}