{"id":3915,"date":"2022-05-23T22:34:21","date_gmt":"2022-05-23T20:34:21","guid":{"rendered":"https:\/\/agora.xtec.cat\/esc-tarragona\/?p=3915"},"modified":"2022-05-23T22:34:57","modified_gmt":"2022-05-23T20:34:57","slug":"toquem-la-gralla","status":"publish","type":"post","link":"https:\/\/agora.xtec.cat\/esc-tarragona\/general\/toquem-la-gralla\/","title":{"rendered":"Toquem la gralla"},"content":{"rendered":"<p>Dijous vam gaudir d\u2019una audici\u00f3 dels nostres companys Carla i Nil! Ens van presentar la gralla i les seves parts. Despr\u00e9s, vam poder escolatar tres peces musicals i de moments ben divertits. Gr\u00e0cies Carla i Nil!<\/p>\n<p><iframe loading=\"lazy\" title=\"La gralla Carla i Nil 1r A\" width=\"500\" height=\"281\" src=\"https:\/\/www.youtube.com\/embed\/H0GoAlCOjlU?feature=oembed\" frameborder=\"0\" allow=\"accelerometer; autoplay; clipboard-write; encrypted-media; gyroscope; picture-in-picture; web-share\" referrerpolicy=\"strict-origin-when-cross-origin\" allowfullscreen><\/iframe><\/p>\n<p>&nbsp;<\/p>\n","protected":false},"excerpt":{"rendered":"<p>Dijous vam gaudir d\u2019una audici\u00f3 dels nostres companys Carla i Nil! Ens van presentar la gralla i les seves parts. Despr\u00e9s, vam poder escolatar tres peces musicals i de moments ben divertits. Gr\u00e0cies Carla i Nil!<\/p>\n<p>&nbsp;<\/p>\n","protected":false},"author":1,"featured_media":0,"comment_status":"closed","ping_status":"closed","sticky":false,"template":"","format":"standard","meta":{"_bbp_topic_count":0,"_bbp_reply_count":0,"_bbp_total_topic_count":0,"_bbp_total_reply_count":0,"_bbp_voice_count":0,"_bbp_anonymous_reply_count":0,"_bbp_topic_count_hidden":0,"_bbp_reply_count_hidden":0,"_bbp_forum_subforum_count":0,"footnotes":""},"categories":[10,1,59,4],"tags":[],"class_list":["post-3915","post","type-post","status-publish","format-standard","hentry","category-1r","category-general","category-musica","category-portada"],"post_mailing_queue_ids":[],"_links":{"self":[{"href":"https:\/\/agora.xtec.cat\/esc-tarragona\/wp-json\/wp\/v2\/posts\/3915","targetHints":{"allow":["GET"]}}],"collection":[{"href":"https:\/\/agora.xtec.cat\/esc-tarragona\/wp-json\/wp\/v2\/posts"}],"about":[{"href":"https:\/\/agora.xtec.cat\/esc-tarragona\/wp-json\/wp\/v2\/types\/post"}],"author":[{"embeddable":true,"href":"https:\/\/agora.xtec.cat\/esc-tarragona\/wp-json\/wp\/v2\/users\/1"}],"replies":[{"embeddable":true,"href":"https:\/\/agora.xtec.cat\/esc-tarragona\/wp-json\/wp\/v2\/comments?post=3915"}],"version-history":[{"count":3,"href":"https:\/\/agora.xtec.cat\/esc-tarragona\/wp-json\/wp\/v2\/posts\/3915\/revisions"}],"predecessor-version":[{"id":3918,"href":"https:\/\/agora.xtec.cat\/esc-tarragona\/wp-json\/wp\/v2\/posts\/3915\/revisions\/3918"}],"wp:attachment":[{"href":"https:\/\/agora.xtec.cat\/esc-tarragona\/wp-json\/wp\/v2\/media?parent=3915"}],"wp:term":[{"taxonomy":"category","embeddable":true,"href":"https:\/\/agora.xtec.cat\/esc-tarragona\/wp-json\/wp\/v2\/categories?post=3915"},{"taxonomy":"post_tag","embeddable":true,"href":"https:\/\/agora.xtec.cat\/esc-tarragona\/wp-json\/wp\/v2\/tags?post=3915"}],"curies":[{"name":"wp","href":"https:\/\/api.w.org\/{rel}","templated":true}]}}