{"id":3415,"date":"2022-04-04T18:16:12","date_gmt":"2022-04-04T16:16:12","guid":{"rendered":"https:\/\/agora.xtec.cat\/esc-tarragona\/?p=3415"},"modified":"2022-04-05T08:56:40","modified_gmt":"2022-04-05T06:56:40","slug":"informem-del-temps","status":"publish","type":"post","link":"https:\/\/agora.xtec.cat\/esc-tarragona\/general\/informem-del-temps\/","title":{"rendered":"Informem del temps!"},"content":{"rendered":"<p>A l&#8217;aula d&#8217;acollida hem treballat el temps i hem aprofitat perqu\u00e8 dues companyes ens informen de les \u00faltimes not\u00edcies sobre la previsi\u00f3 meteorol\u00f2gica.<\/p>\n<p><iframe loading=\"lazy\" title=\"2ee973ed202b4d03aedc55a938af5147\" width=\"500\" height=\"281\" src=\"https:\/\/www.youtube.com\/embed\/SaZESKQUPxA?feature=oembed\" frameborder=\"0\" allow=\"accelerometer; autoplay; clipboard-write; encrypted-media; gyroscope; picture-in-picture; web-share\" referrerpolicy=\"strict-origin-when-cross-origin\" allowfullscreen><\/iframe><\/p>\n","protected":false},"excerpt":{"rendered":"<p>A l&#8217;aula d&#8217;acollida hem treballat el temps i hem aprofitat perqu\u00e8 dues companyes ens informen de les \u00faltimes not\u00edcies sobre la previsi\u00f3 meteorol\u00f2gica.<\/p>\n","protected":false},"author":11,"featured_media":3416,"comment_status":"closed","ping_status":"closed","sticky":false,"template":"","format":"standard","meta":{"_bbp_topic_count":0,"_bbp_reply_count":0,"_bbp_total_topic_count":0,"_bbp_total_reply_count":0,"_bbp_voice_count":0,"_bbp_anonymous_reply_count":0,"_bbp_topic_count_hidden":0,"_bbp_reply_count_hidden":0,"_bbp_forum_subforum_count":0,"footnotes":""},"categories":[64,5,1,4],"tags":[],"class_list":["post-3415","post","type-post","status-publish","format-standard","has-post-thumbnail","hentry","category-aula-dacollida","category-primaria","category-general","category-portada"],"post_mailing_queue_ids":[],"_links":{"self":[{"href":"https:\/\/agora.xtec.cat\/esc-tarragona\/wp-json\/wp\/v2\/posts\/3415","targetHints":{"allow":["GET"]}}],"collection":[{"href":"https:\/\/agora.xtec.cat\/esc-tarragona\/wp-json\/wp\/v2\/posts"}],"about":[{"href":"https:\/\/agora.xtec.cat\/esc-tarragona\/wp-json\/wp\/v2\/types\/post"}],"author":[{"embeddable":true,"href":"https:\/\/agora.xtec.cat\/esc-tarragona\/wp-json\/wp\/v2\/users\/11"}],"replies":[{"embeddable":true,"href":"https:\/\/agora.xtec.cat\/esc-tarragona\/wp-json\/wp\/v2\/comments?post=3415"}],"version-history":[{"count":2,"href":"https:\/\/agora.xtec.cat\/esc-tarragona\/wp-json\/wp\/v2\/posts\/3415\/revisions"}],"predecessor-version":[{"id":3462,"href":"https:\/\/agora.xtec.cat\/esc-tarragona\/wp-json\/wp\/v2\/posts\/3415\/revisions\/3462"}],"wp:featuredmedia":[{"embeddable":true,"href":"https:\/\/agora.xtec.cat\/esc-tarragona\/wp-json\/wp\/v2\/media\/3416"}],"wp:attachment":[{"href":"https:\/\/agora.xtec.cat\/esc-tarragona\/wp-json\/wp\/v2\/media?parent=3415"}],"wp:term":[{"taxonomy":"category","embeddable":true,"href":"https:\/\/agora.xtec.cat\/esc-tarragona\/wp-json\/wp\/v2\/categories?post=3415"},{"taxonomy":"post_tag","embeddable":true,"href":"https:\/\/agora.xtec.cat\/esc-tarragona\/wp-json\/wp\/v2\/tags?post=3415"}],"curies":[{"name":"wp","href":"https:\/\/api.w.org\/{rel}","templated":true}]}}