{"id":3333,"date":"2022-03-24T16:22:23","date_gmt":"2022-03-24T15:22:23","guid":{"rendered":"https:\/\/agora.xtec.cat\/esc-tarragona\/?p=3333"},"modified":"2022-03-24T17:17:12","modified_gmt":"2022-03-24T16:17:12","slug":"recull-de-poemes-dels-nens-i-nenes-de-lescola-tarragona","status":"publish","type":"post","link":"https:\/\/agora.xtec.cat\/esc-tarragona\/general\/recull-de-poemes-dels-nens-i-nenes-de-lescola-tarragona\/","title":{"rendered":"Recull de Poemes dels nens i nenes de l&#8217;Escola Tarragona"},"content":{"rendered":"<p>A trav\u00e9s d&#8217;aquesta presentaci\u00f3 podreu gaudir dels poemes representatius de cada classe treballats durant la setmana de la Poesia. La tem\u00e0tica com\u00fa va ser &#8220;Els Objectius de Desenvolupament Sostenible&#8221;.<\/p>\n<div class=\"container-wrapper-genially\" style=\"position: relative; min-height: 400px; max-width: 100%;\">\n<div class=\"container-wrapper-genially\" style=\"position: relative; min-height: 400px; max-width: 100%;\">\n<p style=\"text-align: center;\"><a href=\"https:\/\/view.genial.ly\/6239e437f776e200141e2597\/presentation-dia-mundial-de-la-poesia-2022\" target=\"_blank\" rel=\"noopener\"><img loading=\"lazy\" decoding=\"async\" class=\"aligncenter wp-image-3343\" src=\"https:\/\/agora.xtec.cat\/esc-tarragona\/wp-content\/uploads\/usu827\/2022\/03\/2022-03-24-16_29_41-Editor-_-DIA-MUNDIAL-DE-LA-POESIA-2022.png\" alt=\"\" width=\"318\" height=\"172\" srcset=\"https:\/\/agora.xtec.cat\/esc-tarragona\/wp-content\/uploads\/usu827\/2022\/03\/2022-03-24-16_29_41-Editor-_-DIA-MUNDIAL-DE-LA-POESIA-2022.png 1343w, https:\/\/agora.xtec.cat\/esc-tarragona\/wp-content\/uploads\/usu827\/2022\/03\/2022-03-24-16_29_41-Editor-_-DIA-MUNDIAL-DE-LA-POESIA-2022-300x162.png 300w, https:\/\/agora.xtec.cat\/esc-tarragona\/wp-content\/uploads\/usu827\/2022\/03\/2022-03-24-16_29_41-Editor-_-DIA-MUNDIAL-DE-LA-POESIA-2022-1024x554.png 1024w, https:\/\/agora.xtec.cat\/esc-tarragona\/wp-content\/uploads\/usu827\/2022\/03\/2022-03-24-16_29_41-Editor-_-DIA-MUNDIAL-DE-LA-POESIA-2022-768x415.png 768w\" sizes=\"auto, (max-width: 318px) 100vw, 318px\" \/><\/a><\/p>\n<p>&nbsp;<\/p>\n<\/div>\n<\/div>\n","protected":false},"excerpt":{"rendered":"<p>A trav\u00e9s d&#8217;aquesta presentaci\u00f3 podreu gaudir dels poemes representatius de cada classe treballats durant la setmana de la Poesia. La tem\u00e0tica com\u00fa va ser &#8220;Els Objectius de Desenvolupament Sostenible&#8221;.<\/p>\n<p><a href=\"https:\/\/view.genial.ly\/6239e437f776e200141e2597\/presentation-dia-mundial-de-la-poesia-2022\" target=\"_blank\" rel=\"noopener\"><\/a><br \/>\n&nbsp;<\/p>\n","protected":false},"author":1,"featured_media":3343,"comment_status":"closed","ping_status":"closed","sticky":false,"template":"","format":"standard","meta":{"_bbp_topic_count":0,"_bbp_reply_count":0,"_bbp_total_topic_count":0,"_bbp_total_reply_count":0,"_bbp_voice_count":0,"_bbp_anonymous_reply_count":0,"_bbp_topic_count_hidden":0,"_bbp_reply_count_hidden":0,"_bbp_forum_subforum_count":0,"footnotes":""},"categories":[10,11,12,13,14,15,2,5,1,3,8,9,4],"tags":[],"class_list":["post-3333","post","type-post","status-publish","format-standard","has-post-thumbnail","hentry","category-1r","category-2n","category-3r","category-4t","category-5e","category-6e","category-infantil","category-primaria","category-general","category-i3","category-i4","category-i5","category-portada"],"post_mailing_queue_ids":[],"_links":{"self":[{"href":"https:\/\/agora.xtec.cat\/esc-tarragona\/wp-json\/wp\/v2\/posts\/3333","targetHints":{"allow":["GET"]}}],"collection":[{"href":"https:\/\/agora.xtec.cat\/esc-tarragona\/wp-json\/wp\/v2\/posts"}],"about":[{"href":"https:\/\/agora.xtec.cat\/esc-tarragona\/wp-json\/wp\/v2\/types\/post"}],"author":[{"embeddable":true,"href":"https:\/\/agora.xtec.cat\/esc-tarragona\/wp-json\/wp\/v2\/users\/1"}],"replies":[{"embeddable":true,"href":"https:\/\/agora.xtec.cat\/esc-tarragona\/wp-json\/wp\/v2\/comments?post=3333"}],"version-history":[{"count":4,"href":"https:\/\/agora.xtec.cat\/esc-tarragona\/wp-json\/wp\/v2\/posts\/3333\/revisions"}],"predecessor-version":[{"id":3353,"href":"https:\/\/agora.xtec.cat\/esc-tarragona\/wp-json\/wp\/v2\/posts\/3333\/revisions\/3353"}],"wp:featuredmedia":[{"embeddable":true,"href":"https:\/\/agora.xtec.cat\/esc-tarragona\/wp-json\/wp\/v2\/media\/3343"}],"wp:attachment":[{"href":"https:\/\/agora.xtec.cat\/esc-tarragona\/wp-json\/wp\/v2\/media?parent=3333"}],"wp:term":[{"taxonomy":"category","embeddable":true,"href":"https:\/\/agora.xtec.cat\/esc-tarragona\/wp-json\/wp\/v2\/categories?post=3333"},{"taxonomy":"post_tag","embeddable":true,"href":"https:\/\/agora.xtec.cat\/esc-tarragona\/wp-json\/wp\/v2\/tags?post=3333"}],"curies":[{"name":"wp","href":"https:\/\/api.w.org\/{rel}","templated":true}]}}