{"id":2858,"date":"2022-02-05T17:16:07","date_gmt":"2022-02-05T16:16:07","guid":{"rendered":"https:\/\/agora.xtec.cat\/esc-tarragona\/?p=2858"},"modified":"2022-02-05T17:16:07","modified_gmt":"2022-02-05T16:16:07","slug":"alla-turca-mozart","status":"publish","type":"post","link":"https:\/\/agora.xtec.cat\/esc-tarragona\/general\/alla-turca-mozart\/","title":{"rendered":"&#8220;Alla Turca&#8221; (Mozart)"},"content":{"rendered":"<p>Ens fa molta il.lusi\u00f3 presentar-vos la can\u00e7\u00f3: dansa del foc i unes imatges de l\u2019audici\u00f3 en moviment de l\u2019obra \u201cAlla turca\u201d de Mozart representada pels alumnes de 2n. Des de l\u2019\u00e0rea de m\u00fasica, treballar el moviment, la o\u00efda i el ritme en l\u2019espai de l\u2019aula, significa potenciar la sensibilitat musical, l\u2019orientaci\u00f3 espaial i el treball en equip d\u2019una manera l\u00fadica i significativa. El cos \u00e9s l\u2019eix vertebrador que utilitzem per entendre, vivenciar i intel\u00b7lectualitzar els elements musicals. D\u2019aquesta manera, l\u2019educaci\u00f3 musical esdev\u00e9 un aprenentatge conscient i m\u00e9s integral per a l\u2019alumne\/a.<\/p>\n<p><iframe loading=\"lazy\" src=\"\/\/www.youtube.com\/embed\/RwOLPjzDYmA\" width=\"560\" height=\"314\" allowfullscreen=\"allowfullscreen\"><\/iframe><\/p>\n<p><iframe loading=\"lazy\" src=\"\/\/www.youtube.com\/embed\/O8rIiskU7zM\" width=\"560\" height=\"314\" allowfullscreen=\"allowfullscreen\"><\/iframe><\/p>\n<p><iframe loading=\"lazy\" src=\"\/\/www.youtube.com\/embed\/BpYe7kDkex4\" width=\"560\" height=\"314\" allowfullscreen=\"allowfullscreen\"><\/iframe><\/p>\n","protected":false},"excerpt":{"rendered":"<p>Ens fa molta il.lusi\u00f3 presentar-vos la can\u00e7\u00f3: dansa del foc i unes imatges de l\u2019audici\u00f3 en moviment de l\u2019obra \u201cAlla turca\u201d de Mozart representada pels alumnes de 2n. Des de l\u2019\u00e0rea de m\u00fasica, treballar el moviment, la o\u00efda i el ritme en l\u2019espai de l\u2019aula,&hellip;  <a href=\"https:\/\/agora.xtec.cat\/esc-tarragona\/general\/alla-turca-mozart\/\" title=\"Read &#8220;Alla Turca&#8221; (Mozart)\">Llegeix m\u00e9s\u00bb<\/a><\/p>\n","protected":false},"author":1,"featured_media":2860,"comment_status":"closed","ping_status":"closed","sticky":false,"template":"","format":"standard","meta":{"_bbp_topic_count":0,"_bbp_reply_count":0,"_bbp_total_topic_count":0,"_bbp_total_reply_count":0,"_bbp_voice_count":0,"_bbp_anonymous_reply_count":0,"_bbp_topic_count_hidden":0,"_bbp_reply_count_hidden":0,"_bbp_forum_subforum_count":0,"footnotes":""},"categories":[1,59,4],"tags":[],"class_list":["post-2858","post","type-post","status-publish","format-standard","has-post-thumbnail","hentry","category-general","category-musica","category-portada"],"post_mailing_queue_ids":[],"_links":{"self":[{"href":"https:\/\/agora.xtec.cat\/esc-tarragona\/wp-json\/wp\/v2\/posts\/2858","targetHints":{"allow":["GET"]}}],"collection":[{"href":"https:\/\/agora.xtec.cat\/esc-tarragona\/wp-json\/wp\/v2\/posts"}],"about":[{"href":"https:\/\/agora.xtec.cat\/esc-tarragona\/wp-json\/wp\/v2\/types\/post"}],"author":[{"embeddable":true,"href":"https:\/\/agora.xtec.cat\/esc-tarragona\/wp-json\/wp\/v2\/users\/1"}],"replies":[{"embeddable":true,"href":"https:\/\/agora.xtec.cat\/esc-tarragona\/wp-json\/wp\/v2\/comments?post=2858"}],"version-history":[{"count":1,"href":"https:\/\/agora.xtec.cat\/esc-tarragona\/wp-json\/wp\/v2\/posts\/2858\/revisions"}],"predecessor-version":[{"id":2859,"href":"https:\/\/agora.xtec.cat\/esc-tarragona\/wp-json\/wp\/v2\/posts\/2858\/revisions\/2859"}],"wp:featuredmedia":[{"embeddable":true,"href":"https:\/\/agora.xtec.cat\/esc-tarragona\/wp-json\/wp\/v2\/media\/2860"}],"wp:attachment":[{"href":"https:\/\/agora.xtec.cat\/esc-tarragona\/wp-json\/wp\/v2\/media?parent=2858"}],"wp:term":[{"taxonomy":"category","embeddable":true,"href":"https:\/\/agora.xtec.cat\/esc-tarragona\/wp-json\/wp\/v2\/categories?post=2858"},{"taxonomy":"post_tag","embeddable":true,"href":"https:\/\/agora.xtec.cat\/esc-tarragona\/wp-json\/wp\/v2\/tags?post=2858"}],"curies":[{"name":"wp","href":"https:\/\/api.w.org\/{rel}","templated":true}]}}