{"id":2829,"date":"2022-02-05T12:22:14","date_gmt":"2022-02-05T11:22:14","guid":{"rendered":"https:\/\/agora.xtec.cat\/esc-tarragona\/?p=2829"},"modified":"2022-02-05T12:22:14","modified_gmt":"2022-02-05T11:22:14","slug":"estrenem-raco-de-lectura","status":"publish","type":"post","link":"https:\/\/agora.xtec.cat\/esc-tarragona\/general\/estrenem-raco-de-lectura\/","title":{"rendered":"Estrenem rac\u00f3 de lectura!"},"content":{"rendered":"<p>Avui hem estrenat un nou rac\u00f3 de lectura a l&#8217;escola. Cada setmana un grup podr\u00e0 visitar el nou rac\u00f3 i compartir amb els\/les companys\/es una estona de lectura. Per nosaltres la lectura \u00e9s molt important i compartir-la amb els amics ens encanta!<\/p>\n<p><a href=\"https:\/\/agora.xtec.cat\/esc-tarragona\/wp-content\/uploads\/usu827\/2022\/02\/20220203_105314-min-scaled.jpg\"><img loading=\"lazy\" decoding=\"async\" class=\"aligncenter size-large wp-image-2830\" src=\"https:\/\/agora.xtec.cat\/esc-tarragona\/wp-content\/uploads\/usu827\/2022\/02\/20220203_105314-min-1024x768.jpg\" alt=\"\" width=\"1024\" height=\"768\" srcset=\"https:\/\/agora.xtec.cat\/esc-tarragona\/wp-content\/uploads\/usu827\/2022\/02\/20220203_105314-min-1024x768.jpg 1024w, https:\/\/agora.xtec.cat\/esc-tarragona\/wp-content\/uploads\/usu827\/2022\/02\/20220203_105314-min-300x225.jpg 300w, https:\/\/agora.xtec.cat\/esc-tarragona\/wp-content\/uploads\/usu827\/2022\/02\/20220203_105314-min-768x576.jpg 768w, https:\/\/agora.xtec.cat\/esc-tarragona\/wp-content\/uploads\/usu827\/2022\/02\/20220203_105314-min-1536x1152.jpg 1536w, https:\/\/agora.xtec.cat\/esc-tarragona\/wp-content\/uploads\/usu827\/2022\/02\/20220203_105314-min-2048x1536.jpg 2048w, https:\/\/agora.xtec.cat\/esc-tarragona\/wp-content\/uploads\/usu827\/2022\/02\/20220203_105314-min-200x150.jpg 200w\" sizes=\"auto, (max-width: 1024px) 100vw, 1024px\" \/><\/a><\/p>\n","protected":false},"excerpt":{"rendered":"<p>Avui hem estrenat un nou rac\u00f3 de lectura a l&#8217;escola. Cada setmana un grup podr\u00e0 visitar el nou rac\u00f3 i compartir amb els\/les companys\/es una estona de lectura. Per nosaltres la lectura \u00e9s molt important i compartir-la amb els amics ens encanta!<br \/>\n<a href=\"https:\/\/agora.xtec.cat\/esc-tarragona\/wp-content\/uploads\/usu827\/2022\/02\/20220203_105314-min-scaled.jpg\"><\/a><\/p>\n","protected":false},"author":11,"featured_media":2830,"comment_status":"closed","ping_status":"closed","sticky":false,"template":"","format":"standard","meta":{"_bbp_topic_count":0,"_bbp_reply_count":0,"_bbp_total_topic_count":0,"_bbp_total_reply_count":0,"_bbp_voice_count":0,"_bbp_anonymous_reply_count":0,"_bbp_topic_count_hidden":0,"_bbp_reply_count_hidden":0,"_bbp_forum_subforum_count":0,"footnotes":""},"categories":[5,1,4],"tags":[],"class_list":["post-2829","post","type-post","status-publish","format-standard","has-post-thumbnail","hentry","category-primaria","category-general","category-portada"],"post_mailing_queue_ids":[],"_links":{"self":[{"href":"https:\/\/agora.xtec.cat\/esc-tarragona\/wp-json\/wp\/v2\/posts\/2829","targetHints":{"allow":["GET"]}}],"collection":[{"href":"https:\/\/agora.xtec.cat\/esc-tarragona\/wp-json\/wp\/v2\/posts"}],"about":[{"href":"https:\/\/agora.xtec.cat\/esc-tarragona\/wp-json\/wp\/v2\/types\/post"}],"author":[{"embeddable":true,"href":"https:\/\/agora.xtec.cat\/esc-tarragona\/wp-json\/wp\/v2\/users\/11"}],"replies":[{"embeddable":true,"href":"https:\/\/agora.xtec.cat\/esc-tarragona\/wp-json\/wp\/v2\/comments?post=2829"}],"version-history":[{"count":1,"href":"https:\/\/agora.xtec.cat\/esc-tarragona\/wp-json\/wp\/v2\/posts\/2829\/revisions"}],"predecessor-version":[{"id":2831,"href":"https:\/\/agora.xtec.cat\/esc-tarragona\/wp-json\/wp\/v2\/posts\/2829\/revisions\/2831"}],"wp:featuredmedia":[{"embeddable":true,"href":"https:\/\/agora.xtec.cat\/esc-tarragona\/wp-json\/wp\/v2\/media\/2830"}],"wp:attachment":[{"href":"https:\/\/agora.xtec.cat\/esc-tarragona\/wp-json\/wp\/v2\/media?parent=2829"}],"wp:term":[{"taxonomy":"category","embeddable":true,"href":"https:\/\/agora.xtec.cat\/esc-tarragona\/wp-json\/wp\/v2\/categories?post=2829"},{"taxonomy":"post_tag","embeddable":true,"href":"https:\/\/agora.xtec.cat\/esc-tarragona\/wp-json\/wp\/v2\/tags?post=2829"}],"curies":[{"name":"wp","href":"https:\/\/api.w.org\/{rel}","templated":true}]}}