{"id":2495,"date":"2022-01-12T10:16:19","date_gmt":"2022-01-12T09:16:19","guid":{"rendered":"https:\/\/agora.xtec.cat\/esc-tarragona\/?p=2495"},"modified":"2022-01-12T10:23:51","modified_gmt":"2022-01-12T09:23:51","slug":"estones-de-lectura-la-tura-recomana","status":"publish","type":"post","link":"https:\/\/agora.xtec.cat\/esc-tarragona\/general\/estones-de-lectura-la-tura-recomana\/","title":{"rendered":"Estones de lectura: la Tura recomana!"},"content":{"rendered":"<p><a href=\"https:\/\/agora.xtec.cat\/esc-tarragona\/wp-content\/uploads\/usu827\/2022\/01\/tura.jpg\"><img loading=\"lazy\" decoding=\"async\" class=\"size-medium wp-image-2503 alignleft\" src=\"https:\/\/agora.xtec.cat\/esc-tarragona\/wp-content\/uploads\/usu827\/2022\/01\/tura-300x166.jpg\" alt=\"\" width=\"300\" height=\"166\" srcset=\"https:\/\/agora.xtec.cat\/esc-tarragona\/wp-content\/uploads\/usu827\/2022\/01\/tura-300x166.jpg 300w, https:\/\/agora.xtec.cat\/esc-tarragona\/wp-content\/uploads\/usu827\/2022\/01\/tura.jpg 734w\" sizes=\"auto, (max-width: 300px) 100vw, 300px\" \/><\/a> Des de la biblioteca de l&#8217;escola ens agradaria recomanar-vos dos \u00e0lbums il.lustrats que creiem que poden ser\u00a0 interessants i potser no s\u00f3n massa coneguts.\u00a0 Mitjan\u00e7ant la lectura en fam\u00edlia d&#8217;aquests llibres podeu gaudir d&#8217;una estona de conversa i reflexi\u00f3 amb els vostres fills i filles.<\/p>\n<div>Desitgem que us agradin i gaudiu de la lectura.<\/div>\n<div><\/div>\n<div><\/div>\n<div>\n<table style=\"border-collapse: collapse; width: 100%;\">\n<tbody>\n<tr>\n<td style=\"width: 50%;\"><a href=\"https:\/\/agora.xtec.cat\/esc-tarragona\/wp-content\/uploads\/usu827\/2022\/01\/9788412041873.jpg\"><img loading=\"lazy\" decoding=\"async\" class=\"aligncenter wp-image-2500\" src=\"https:\/\/agora.xtec.cat\/esc-tarragona\/wp-content\/uploads\/usu827\/2022\/01\/9788412041873-213x300.jpg\" alt=\"\" width=\"144\" height=\"203\" srcset=\"https:\/\/agora.xtec.cat\/esc-tarragona\/wp-content\/uploads\/usu827\/2022\/01\/9788412041873-213x300.jpg 213w, https:\/\/agora.xtec.cat\/esc-tarragona\/wp-content\/uploads\/usu827\/2022\/01\/9788412041873.jpg 229w\" sizes=\"auto, (max-width: 144px) 100vw, 144px\" \/><\/a><\/td>\n<td style=\"width: 50%;\"><a href=\"https:\/\/agora.xtec.cat\/esc-tarragona\/wp-content\/uploads\/usu827\/2022\/01\/719cZ4XmmkL.jpg\"><img loading=\"lazy\" decoding=\"async\" class=\"aligncenter wp-image-2501\" src=\"https:\/\/agora.xtec.cat\/esc-tarragona\/wp-content\/uploads\/usu827\/2022\/01\/719cZ4XmmkL-219x300.jpg\" alt=\"\" width=\"128\" height=\"175\" srcset=\"https:\/\/agora.xtec.cat\/esc-tarragona\/wp-content\/uploads\/usu827\/2022\/01\/719cZ4XmmkL-219x300.jpg 219w, https:\/\/agora.xtec.cat\/esc-tarragona\/wp-content\/uploads\/usu827\/2022\/01\/719cZ4XmmkL-748x1024.jpg 748w, https:\/\/agora.xtec.cat\/esc-tarragona\/wp-content\/uploads\/usu827\/2022\/01\/719cZ4XmmkL-768x1051.jpg 768w, https:\/\/agora.xtec.cat\/esc-tarragona\/wp-content\/uploads\/usu827\/2022\/01\/719cZ4XmmkL-1122x1536.jpg 1122w, https:\/\/agora.xtec.cat\/esc-tarragona\/wp-content\/uploads\/usu827\/2022\/01\/719cZ4XmmkL.jpg 1354w\" sizes=\"auto, (max-width: 128px) 100vw, 128px\" \/><\/a><\/td>\n<\/tr>\n<tr>\n<td style=\"width: 50%; border-color: #000000; text-align: center;\">\n<h5><a href=\"https:\/\/drive.google.com\/file\/d\/121yDCdClLS-Nz0GQz6msI5PHXgC9VoRo\/view?usp=sharing\" target=\"_blank\" rel=\"noopener\"><span style=\"color: #000000;\"><strong>Sentiments trobats<\/strong>\u00a0<\/span><\/a><\/h5>\n<\/td>\n<td style=\"width: 50%; text-align: center;\"><span style=\"color: #339966;\"><a style=\"color: #339966;\" href=\"https:\/\/drive.google.com\/file\/d\/1BFz2F_Nm0ciHSn7WuVCu0Kbx_BtwD9QB\/view?usp=sharing\" target=\"_blank\" rel=\"noopener\"><strong><span style=\"font-size: 16px; background-color: #ffffff;\">Un jard\u00ed curi\u00f3s<\/span><\/strong><\/a><\/span><\/td>\n<\/tr>\n<\/tbody>\n<\/table>\n<\/div>\n<div><\/div>\n<div><\/div>\n<div><\/div>\n<div><\/div>\n<p>&nbsp;<\/p>\n<div>\n<div><\/div>\n<\/div>\n","protected":false},"excerpt":{"rendered":"<p><a href=\"https:\/\/agora.xtec.cat\/esc-tarragona\/wp-content\/uploads\/usu827\/2022\/01\/tura.jpg\"><\/a> Des de la biblioteca de l&#8217;escola ens agradaria recomanar-vos dos \u00e0lbums il.lustrats que creiem que poden ser\u00a0 interessants i potser no s\u00f3n massa coneguts.\u00a0 Mitjan\u00e7ant la lectura en fam\u00edlia d&#8217;aquests llibres podeu gaudir d&#8217;una estona de conversa i reflexi\u00f3 amb els vostres fills&hellip;  <a href=\"https:\/\/agora.xtec.cat\/esc-tarragona\/general\/estones-de-lectura-la-tura-recomana\/\" title=\"Read Estones de lectura: la Tura recomana!\">Llegeix m\u00e9s\u00bb<\/a><\/p>\n","protected":false},"author":1,"featured_media":2503,"comment_status":"closed","ping_status":"closed","sticky":false,"template":"","format":"standard","meta":{"_bbp_topic_count":0,"_bbp_reply_count":0,"_bbp_total_topic_count":0,"_bbp_total_reply_count":0,"_bbp_voice_count":0,"_bbp_anonymous_reply_count":0,"_bbp_topic_count_hidden":0,"_bbp_reply_count_hidden":0,"_bbp_forum_subforum_count":0,"footnotes":""},"categories":[10,11,12,13,14,15,5,1,4],"tags":[],"class_list":["post-2495","post","type-post","status-publish","format-standard","has-post-thumbnail","hentry","category-1r","category-2n","category-3r","category-4t","category-5e","category-6e","category-primaria","category-general","category-portada"],"post_mailing_queue_ids":[],"_links":{"self":[{"href":"https:\/\/agora.xtec.cat\/esc-tarragona\/wp-json\/wp\/v2\/posts\/2495","targetHints":{"allow":["GET"]}}],"collection":[{"href":"https:\/\/agora.xtec.cat\/esc-tarragona\/wp-json\/wp\/v2\/posts"}],"about":[{"href":"https:\/\/agora.xtec.cat\/esc-tarragona\/wp-json\/wp\/v2\/types\/post"}],"author":[{"embeddable":true,"href":"https:\/\/agora.xtec.cat\/esc-tarragona\/wp-json\/wp\/v2\/users\/1"}],"replies":[{"embeddable":true,"href":"https:\/\/agora.xtec.cat\/esc-tarragona\/wp-json\/wp\/v2\/comments?post=2495"}],"version-history":[{"count":4,"href":"https:\/\/agora.xtec.cat\/esc-tarragona\/wp-json\/wp\/v2\/posts\/2495\/revisions"}],"predecessor-version":[{"id":2510,"href":"https:\/\/agora.xtec.cat\/esc-tarragona\/wp-json\/wp\/v2\/posts\/2495\/revisions\/2510"}],"wp:featuredmedia":[{"embeddable":true,"href":"https:\/\/agora.xtec.cat\/esc-tarragona\/wp-json\/wp\/v2\/media\/2503"}],"wp:attachment":[{"href":"https:\/\/agora.xtec.cat\/esc-tarragona\/wp-json\/wp\/v2\/media?parent=2495"}],"wp:term":[{"taxonomy":"category","embeddable":true,"href":"https:\/\/agora.xtec.cat\/esc-tarragona\/wp-json\/wp\/v2\/categories?post=2495"},{"taxonomy":"post_tag","embeddable":true,"href":"https:\/\/agora.xtec.cat\/esc-tarragona\/wp-json\/wp\/v2\/tags?post=2495"}],"curies":[{"name":"wp","href":"https:\/\/api.w.org\/{rel}","templated":true}]}}