{"id":2198,"date":"2021-12-20T11:15:09","date_gmt":"2021-12-20T10:15:09","guid":{"rendered":"https:\/\/agora.xtec.cat\/esc-tarragona\/?p=2198"},"modified":"2022-01-05T17:38:36","modified_gmt":"2022-01-05T16:38:36","slug":"concert-de-nadal-alumnes-de-5e","status":"publish","type":"post","link":"https:\/\/agora.xtec.cat\/esc-tarragona\/primaria\/concert-de-nadal-alumnes-de-5e\/","title":{"rendered":"Concert de Nadal: Alumnes de 5\u00e8"},"content":{"rendered":"<p>Can\u00e7\u00f3: <a href=\"https:\/\/drive.google.com\/file\/d\/15E6oHDCQkNongpDoRR56_MXdtVU4q9kN\/view?usp=sharing\" target=\"_blank\" rel=\"noopener\">Estimo el Nadal<\/a><!--more--><\/p>\n<p><iframe loading=\"lazy\" title=\"5e\" width=\"500\" height=\"281\" src=\"https:\/\/www.youtube.com\/embed\/h9cO3lQFfNs?feature=oembed\" frameborder=\"0\" allow=\"accelerometer; autoplay; clipboard-write; encrypted-media; gyroscope; picture-in-picture; web-share\" referrerpolicy=\"strict-origin-when-cross-origin\" allowfullscreen><\/iframe><\/p>\n","protected":false},"excerpt":{"rendered":"<p>Can\u00e7\u00f3: <a href=\"https:\/\/drive.google.com\/file\/d\/15E6oHDCQkNongpDoRR56_MXdtVU4q9kN\/view?usp=sharing\" target=\"_blank\" rel=\"noopener\">Estimo el Nadal<\/a><\/p>\n","protected":false},"author":1,"featured_media":2204,"comment_status":"closed","ping_status":"closed","sticky":false,"template":"","format":"standard","meta":{"_bbp_topic_count":0,"_bbp_reply_count":0,"_bbp_total_topic_count":0,"_bbp_total_reply_count":0,"_bbp_voice_count":0,"_bbp_anonymous_reply_count":0,"_bbp_topic_count_hidden":0,"_bbp_reply_count_hidden":0,"_bbp_forum_subforum_count":0,"footnotes":""},"categories":[14,5],"tags":[],"class_list":["post-2198","post","type-post","status-publish","format-standard","has-post-thumbnail","hentry","category-5e","category-primaria"],"post_mailing_queue_ids":[],"_links":{"self":[{"href":"https:\/\/agora.xtec.cat\/esc-tarragona\/wp-json\/wp\/v2\/posts\/2198","targetHints":{"allow":["GET"]}}],"collection":[{"href":"https:\/\/agora.xtec.cat\/esc-tarragona\/wp-json\/wp\/v2\/posts"}],"about":[{"href":"https:\/\/agora.xtec.cat\/esc-tarragona\/wp-json\/wp\/v2\/types\/post"}],"author":[{"embeddable":true,"href":"https:\/\/agora.xtec.cat\/esc-tarragona\/wp-json\/wp\/v2\/users\/1"}],"replies":[{"embeddable":true,"href":"https:\/\/agora.xtec.cat\/esc-tarragona\/wp-json\/wp\/v2\/comments?post=2198"}],"version-history":[{"count":3,"href":"https:\/\/agora.xtec.cat\/esc-tarragona\/wp-json\/wp\/v2\/posts\/2198\/revisions"}],"predecessor-version":[{"id":2221,"href":"https:\/\/agora.xtec.cat\/esc-tarragona\/wp-json\/wp\/v2\/posts\/2198\/revisions\/2221"}],"wp:featuredmedia":[{"embeddable":true,"href":"https:\/\/agora.xtec.cat\/esc-tarragona\/wp-json\/wp\/v2\/media\/2204"}],"wp:attachment":[{"href":"https:\/\/agora.xtec.cat\/esc-tarragona\/wp-json\/wp\/v2\/media?parent=2198"}],"wp:term":[{"taxonomy":"category","embeddable":true,"href":"https:\/\/agora.xtec.cat\/esc-tarragona\/wp-json\/wp\/v2\/categories?post=2198"},{"taxonomy":"post_tag","embeddable":true,"href":"https:\/\/agora.xtec.cat\/esc-tarragona\/wp-json\/wp\/v2\/tags?post=2198"}],"curies":[{"name":"wp","href":"https:\/\/api.w.org\/{rel}","templated":true}]}}