{"id":2192,"date":"2021-12-20T11:12:43","date_gmt":"2021-12-20T10:12:43","guid":{"rendered":"https:\/\/agora.xtec.cat\/esc-tarragona\/?p=2192"},"modified":"2022-01-05T17:38:59","modified_gmt":"2022-01-05T16:38:59","slug":"concert-de-nadal-alumnes-de-6e","status":"publish","type":"post","link":"https:\/\/agora.xtec.cat\/esc-tarragona\/primaria\/concert-de-nadal-alumnes-de-6e\/","title":{"rendered":"Concert de Nadal: Alumnes de 6\u00e8"},"content":{"rendered":"<p>Can\u00e7\u00f3: <a href=\"https:\/\/drive.google.com\/file\/d\/17N14nTZqe_Bva_-Uj5lPtD7W3uzZYfsf\/view?usp=sharing\" target=\"_blank\" rel=\"noopener\">Mem\u00f2ries-Records<\/a><\/p>\n<p><iframe loading=\"lazy\" title=\"6e\" width=\"500\" height=\"281\" src=\"https:\/\/www.youtube.com\/embed\/U2xFf9Y6VFA?feature=oembed\" frameborder=\"0\" allow=\"accelerometer; autoplay; clipboard-write; encrypted-media; gyroscope; picture-in-picture; web-share\" referrerpolicy=\"strict-origin-when-cross-origin\" allowfullscreen><\/iframe><\/p>\n<p>&nbsp;<\/p>\n","protected":false},"excerpt":{"rendered":"<p>Can\u00e7\u00f3: <a href=\"https:\/\/drive.google.com\/file\/d\/17N14nTZqe_Bva_-Uj5lPtD7W3uzZYfsf\/view?usp=sharing\" target=\"_blank\" rel=\"noopener\">Mem\u00f2ries-Records<\/a><\/p>\n<p>&nbsp;<\/p>\n","protected":false},"author":1,"featured_media":2197,"comment_status":"closed","ping_status":"closed","sticky":false,"template":"","format":"standard","meta":{"_bbp_topic_count":0,"_bbp_reply_count":0,"_bbp_total_topic_count":0,"_bbp_total_reply_count":0,"_bbp_voice_count":0,"_bbp_anonymous_reply_count":0,"_bbp_topic_count_hidden":0,"_bbp_reply_count_hidden":0,"_bbp_forum_subforum_count":0,"footnotes":""},"categories":[15,5],"tags":[],"class_list":["post-2192","post","type-post","status-publish","format-standard","has-post-thumbnail","hentry","category-6e","category-primaria"],"post_mailing_queue_ids":[],"_links":{"self":[{"href":"https:\/\/agora.xtec.cat\/esc-tarragona\/wp-json\/wp\/v2\/posts\/2192","targetHints":{"allow":["GET"]}}],"collection":[{"href":"https:\/\/agora.xtec.cat\/esc-tarragona\/wp-json\/wp\/v2\/posts"}],"about":[{"href":"https:\/\/agora.xtec.cat\/esc-tarragona\/wp-json\/wp\/v2\/types\/post"}],"author":[{"embeddable":true,"href":"https:\/\/agora.xtec.cat\/esc-tarragona\/wp-json\/wp\/v2\/users\/1"}],"replies":[{"embeddable":true,"href":"https:\/\/agora.xtec.cat\/esc-tarragona\/wp-json\/wp\/v2\/comments?post=2192"}],"version-history":[{"count":1,"href":"https:\/\/agora.xtec.cat\/esc-tarragona\/wp-json\/wp\/v2\/posts\/2192\/revisions"}],"predecessor-version":[{"id":2194,"href":"https:\/\/agora.xtec.cat\/esc-tarragona\/wp-json\/wp\/v2\/posts\/2192\/revisions\/2194"}],"wp:featuredmedia":[{"embeddable":true,"href":"https:\/\/agora.xtec.cat\/esc-tarragona\/wp-json\/wp\/v2\/media\/2197"}],"wp:attachment":[{"href":"https:\/\/agora.xtec.cat\/esc-tarragona\/wp-json\/wp\/v2\/media?parent=2192"}],"wp:term":[{"taxonomy":"category","embeddable":true,"href":"https:\/\/agora.xtec.cat\/esc-tarragona\/wp-json\/wp\/v2\/categories?post=2192"},{"taxonomy":"post_tag","embeddable":true,"href":"https:\/\/agora.xtec.cat\/esc-tarragona\/wp-json\/wp\/v2\/tags?post=2192"}],"curies":[{"name":"wp","href":"https:\/\/api.w.org\/{rel}","templated":true}]}}