{"id":2120,"date":"2021-12-14T19:22:01","date_gmt":"2021-12-14T18:22:01","guid":{"rendered":"https:\/\/agora.xtec.cat\/esc-tarragona\/?p=2120"},"modified":"2022-01-12T10:21:44","modified_gmt":"2022-01-12T09:21:44","slug":"cantada-de-nadales-a-la-rambla-nova-de-tarragona","status":"publish","type":"post","link":"https:\/\/agora.xtec.cat\/esc-tarragona\/general\/cantada-de-nadales-a-la-rambla-nova-de-tarragona\/","title":{"rendered":"Cantada de Nadales a la Rambla Nova de Tarragona!"},"content":{"rendered":"<p>Els alumnes de 5\u00e8 hem participat de la Cantada de Nadales que ha organitzat el TAC12 a la Rambla Nova de Tarragona. Ens ha agradat compartir aquesta experi\u00e8ncia amb altres nens i nenes d&#8217;altres escoles de la ciutat. Ara nom\u00e9s queda gaudir de la nostra actuaci\u00f3 a trav\u00e9s de la televisi\u00f3!<\/p>\n<p><iframe loading=\"lazy\" title=\"Nadales a TAC12  Escola Tarragona 5\u00e8   Dum, Dum\" width=\"500\" height=\"281\" src=\"https:\/\/www.youtube.com\/embed\/NKO8Uje_1w8?feature=oembed\" frameborder=\"0\" allow=\"accelerometer; autoplay; clipboard-write; encrypted-media; gyroscope; picture-in-picture; web-share\" referrerpolicy=\"strict-origin-when-cross-origin\" allowfullscreen><\/iframe><\/p>\n","protected":false},"excerpt":{"rendered":"<p>Els alumnes de 5\u00e8 hem participat de la Cantada de Nadales que ha organitzat el TAC12 a la Rambla Nova de Tarragona. Ens ha agradat compartir aquesta experi\u00e8ncia amb altres nens i nenes d&#8217;altres escoles de la ciutat. Ara nom\u00e9s queda gaudir de la nostra&hellip;  <a href=\"https:\/\/agora.xtec.cat\/esc-tarragona\/general\/cantada-de-nadales-a-la-rambla-nova-de-tarragona\/\" title=\"Read Cantada de Nadales a la Rambla Nova de Tarragona!\">Llegeix m\u00e9s\u00bb<\/a><\/p>\n","protected":false},"author":11,"featured_media":0,"comment_status":"closed","ping_status":"closed","sticky":false,"template":"","format":"standard","meta":{"_bbp_topic_count":0,"_bbp_reply_count":0,"_bbp_total_topic_count":0,"_bbp_total_reply_count":0,"_bbp_voice_count":0,"_bbp_anonymous_reply_count":0,"_bbp_topic_count_hidden":0,"_bbp_reply_count_hidden":0,"_bbp_forum_subforum_count":0,"footnotes":""},"categories":[14,5,1,59,4],"tags":[],"class_list":["post-2120","post","type-post","status-publish","format-standard","hentry","category-5e","category-primaria","category-general","category-musica","category-portada"],"post_mailing_queue_ids":[],"_links":{"self":[{"href":"https:\/\/agora.xtec.cat\/esc-tarragona\/wp-json\/wp\/v2\/posts\/2120","targetHints":{"allow":["GET"]}}],"collection":[{"href":"https:\/\/agora.xtec.cat\/esc-tarragona\/wp-json\/wp\/v2\/posts"}],"about":[{"href":"https:\/\/agora.xtec.cat\/esc-tarragona\/wp-json\/wp\/v2\/types\/post"}],"author":[{"embeddable":true,"href":"https:\/\/agora.xtec.cat\/esc-tarragona\/wp-json\/wp\/v2\/users\/11"}],"replies":[{"embeddable":true,"href":"https:\/\/agora.xtec.cat\/esc-tarragona\/wp-json\/wp\/v2\/comments?post=2120"}],"version-history":[{"count":3,"href":"https:\/\/agora.xtec.cat\/esc-tarragona\/wp-json\/wp\/v2\/posts\/2120\/revisions"}],"predecessor-version":[{"id":2493,"href":"https:\/\/agora.xtec.cat\/esc-tarragona\/wp-json\/wp\/v2\/posts\/2120\/revisions\/2493"}],"wp:attachment":[{"href":"https:\/\/agora.xtec.cat\/esc-tarragona\/wp-json\/wp\/v2\/media?parent=2120"}],"wp:term":[{"taxonomy":"category","embeddable":true,"href":"https:\/\/agora.xtec.cat\/esc-tarragona\/wp-json\/wp\/v2\/categories?post=2120"},{"taxonomy":"post_tag","embeddable":true,"href":"https:\/\/agora.xtec.cat\/esc-tarragona\/wp-json\/wp\/v2\/tags?post=2120"}],"curies":[{"name":"wp","href":"https:\/\/api.w.org\/{rel}","templated":true}]}}