{"id":1934,"date":"2021-11-30T18:45:12","date_gmt":"2021-11-30T17:45:12","guid":{"rendered":"https:\/\/agora.xtec.cat\/esc-tarragona\/?p=1934"},"modified":"2021-11-30T18:45:12","modified_gmt":"2021-11-30T17:45:12","slug":"celebrem-el-dia-de-la-patrona-de-la-musica","status":"publish","type":"post","link":"https:\/\/agora.xtec.cat\/esc-tarragona\/general\/celebrem-el-dia-de-la-patrona-de-la-musica\/","title":{"rendered":"Celebrem el Dia de la Patrona de la M\u00fasica"},"content":{"rendered":"<p>El 22 de novembre tots els alumnes de l&#8217;escola vam celebrar el Dia de la Patrona de la M\u00fasica. Els nens i nenes d&#8217;EI vam gaudir d&#8217;un petit concert en acordi\u00f3 a c\u00e0rrec de la mestra de M\u00fasica i els infants de Prim\u00e0ria vam escenificar una representaci\u00f3 explicant qu\u00e8 representa per a nosaltres la m\u00fasica. Posteriorment, vam cantar dues can\u00e7ons utilitzant diferents tipus d&#8217;instruments de percussi\u00f3 i cantant a tres veus.<\/p>\n<p><iframe loading=\"lazy\" src=\"\/\/www.youtube.com\/embed\/o84kpr3CXWk\" width=\"560\" height=\"314\" allowfullscreen=\"allowfullscreen\"><\/iframe>\u00a0 \u00a0 \u00a0 \u00a0 \u00a0 \u00a0 \u00a0 \u00a0 \u00a0 \u00a0 <iframe loading=\"lazy\" src=\"\/\/www.youtube.com\/embed\/kfApcjsysBE\" width=\"560\" height=\"314\" allowfullscreen=\"allowfullscreen\"><\/iframe><\/p>\n<p>&nbsp;<\/p>\n<p>&nbsp;<\/p>\n<p>&nbsp;<\/p>\n","protected":false},"excerpt":{"rendered":"<p>El 22 de novembre tots els alumnes de l&#8217;escola vam celebrar el Dia de la Patrona de la M\u00fasica. Els nens i nenes d&#8217;EI vam gaudir d&#8217;un petit concert en acordi\u00f3 a c\u00e0rrec de la mestra de M\u00fasica i els infants de Prim\u00e0ria vam escenificar&hellip;  <a href=\"https:\/\/agora.xtec.cat\/esc-tarragona\/general\/celebrem-el-dia-de-la-patrona-de-la-musica\/\" title=\"Read Celebrem el Dia de la Patrona de la M\u00fasica\">Llegeix m\u00e9s\u00bb<\/a><\/p>\n","protected":false},"author":1,"featured_media":1974,"comment_status":"closed","ping_status":"closed","sticky":false,"template":"","format":"standard","meta":{"_bbp_topic_count":0,"_bbp_reply_count":0,"_bbp_total_topic_count":0,"_bbp_total_reply_count":0,"_bbp_voice_count":0,"_bbp_anonymous_reply_count":0,"_bbp_topic_count_hidden":0,"_bbp_reply_count_hidden":0,"_bbp_forum_subforum_count":0,"footnotes":""},"categories":[10,11,12,13,14,15,2,5,1,3,8,9,59,4],"tags":[],"class_list":["post-1934","post","type-post","status-publish","format-standard","has-post-thumbnail","hentry","category-1r","category-2n","category-3r","category-4t","category-5e","category-6e","category-infantil","category-primaria","category-general","category-i3","category-i4","category-i5","category-musica","category-portada"],"post_mailing_queue_ids":[],"_links":{"self":[{"href":"https:\/\/agora.xtec.cat\/esc-tarragona\/wp-json\/wp\/v2\/posts\/1934","targetHints":{"allow":["GET"]}}],"collection":[{"href":"https:\/\/agora.xtec.cat\/esc-tarragona\/wp-json\/wp\/v2\/posts"}],"about":[{"href":"https:\/\/agora.xtec.cat\/esc-tarragona\/wp-json\/wp\/v2\/types\/post"}],"author":[{"embeddable":true,"href":"https:\/\/agora.xtec.cat\/esc-tarragona\/wp-json\/wp\/v2\/users\/1"}],"replies":[{"embeddable":true,"href":"https:\/\/agora.xtec.cat\/esc-tarragona\/wp-json\/wp\/v2\/comments?post=1934"}],"version-history":[{"count":2,"href":"https:\/\/agora.xtec.cat\/esc-tarragona\/wp-json\/wp\/v2\/posts\/1934\/revisions"}],"predecessor-version":[{"id":1936,"href":"https:\/\/agora.xtec.cat\/esc-tarragona\/wp-json\/wp\/v2\/posts\/1934\/revisions\/1936"}],"wp:featuredmedia":[{"embeddable":true,"href":"https:\/\/agora.xtec.cat\/esc-tarragona\/wp-json\/wp\/v2\/media\/1974"}],"wp:attachment":[{"href":"https:\/\/agora.xtec.cat\/esc-tarragona\/wp-json\/wp\/v2\/media?parent=1934"}],"wp:term":[{"taxonomy":"category","embeddable":true,"href":"https:\/\/agora.xtec.cat\/esc-tarragona\/wp-json\/wp\/v2\/categories?post=1934"},{"taxonomy":"post_tag","embeddable":true,"href":"https:\/\/agora.xtec.cat\/esc-tarragona\/wp-json\/wp\/v2\/tags?post=1934"}],"curies":[{"name":"wp","href":"https:\/\/api.w.org\/{rel}","templated":true}]}}