{"id":1917,"date":"2021-11-22T19:44:47","date_gmt":"2021-11-22T18:44:47","guid":{"rendered":"https:\/\/agora.xtec.cat\/esc-tarragona\/?p=1917"},"modified":"2021-11-22T19:45:26","modified_gmt":"2021-11-22T18:45:26","slug":"dia-dels-drets-dels-infants","status":"publish","type":"post","link":"https:\/\/agora.xtec.cat\/esc-tarragona\/general\/dia-dels-drets-dels-infants\/","title":{"rendered":"Dia dels Drets dels Infants!"},"content":{"rendered":"<p>El 20 de novembre \u00e9s el &#8220;Dia Universal dels Drets dels Infants&#8221;. Per aquest motiu els\/les monitors del servei de menjador ens han fet\u00a0 una xerrada de conscienciaci\u00f3 i despr\u00e9s a trav\u00e9s d&#8217;una din\u00e0mica hem reflexionat del motiu pel qual es consideren tan importants. Finalment, per grups hem fet murals per decorar el nostre espai del menjador.<\/p>\n<p><a href=\"https:\/\/agora.xtec.cat\/esc-tarragona\/wp-content\/uploads\/usu827\/2021\/11\/IMG-20211119-WA0023-scaled.jpeg\"><br \/>\n<\/a><a href=\"https:\/\/agora.xtec.cat\/esc-tarragona\/wp-content\/uploads\/usu827\/2021\/11\/IMG-20211119-WA0025-scaled.jpeg\"><img loading=\"lazy\" decoding=\"async\" class=\"aligncenter size-large wp-image-1919\" src=\"https:\/\/agora.xtec.cat\/esc-tarragona\/wp-content\/uploads\/usu827\/2021\/11\/IMG-20211119-WA0025-1024x576.jpeg\" alt=\"\" width=\"1024\" height=\"576\" srcset=\"https:\/\/agora.xtec.cat\/esc-tarragona\/wp-content\/uploads\/usu827\/2021\/11\/IMG-20211119-WA0025-1024x576.jpeg 1024w, https:\/\/agora.xtec.cat\/esc-tarragona\/wp-content\/uploads\/usu827\/2021\/11\/IMG-20211119-WA0025-300x169.jpeg 300w, https:\/\/agora.xtec.cat\/esc-tarragona\/wp-content\/uploads\/usu827\/2021\/11\/IMG-20211119-WA0025-768x432.jpeg 768w, https:\/\/agora.xtec.cat\/esc-tarragona\/wp-content\/uploads\/usu827\/2021\/11\/IMG-20211119-WA0025-1536x864.jpeg 1536w, https:\/\/agora.xtec.cat\/esc-tarragona\/wp-content\/uploads\/usu827\/2021\/11\/IMG-20211119-WA0025-2048x1152.jpeg 2048w\" sizes=\"auto, (max-width: 1024px) 100vw, 1024px\" \/><\/a><\/p>\n<p><a href=\"https:\/\/agora.xtec.cat\/esc-tarragona\/wp-content\/uploads\/usu827\/2021\/11\/IMG-20211119-WA0040.jpg\"><img loading=\"lazy\" decoding=\"async\" class=\"aligncenter size-large wp-image-1920\" src=\"https:\/\/agora.xtec.cat\/esc-tarragona\/wp-content\/uploads\/usu827\/2021\/11\/IMG-20211119-WA0040-1024x473.jpg\" alt=\"\" width=\"1024\" height=\"473\" srcset=\"https:\/\/agora.xtec.cat\/esc-tarragona\/wp-content\/uploads\/usu827\/2021\/11\/IMG-20211119-WA0040-1024x473.jpg 1024w, https:\/\/agora.xtec.cat\/esc-tarragona\/wp-content\/uploads\/usu827\/2021\/11\/IMG-20211119-WA0040-300x138.jpg 300w, https:\/\/agora.xtec.cat\/esc-tarragona\/wp-content\/uploads\/usu827\/2021\/11\/IMG-20211119-WA0040-768x354.jpg 768w, https:\/\/agora.xtec.cat\/esc-tarragona\/wp-content\/uploads\/usu827\/2021\/11\/IMG-20211119-WA0040.jpg 1504w\" sizes=\"auto, (max-width: 1024px) 100vw, 1024px\" \/><\/a><\/p>\n<p><a href=\"https:\/\/agora.xtec.cat\/esc-tarragona\/wp-content\/uploads\/usu827\/2021\/11\/IMG-20211119-WA0017.jpg\"><img loading=\"lazy\" decoding=\"async\" class=\"aligncenter size-large wp-image-1921\" src=\"https:\/\/agora.xtec.cat\/esc-tarragona\/wp-content\/uploads\/usu827\/2021\/11\/IMG-20211119-WA0017-1024x768.jpg\" alt=\"\" width=\"1024\" height=\"768\" srcset=\"https:\/\/agora.xtec.cat\/esc-tarragona\/wp-content\/uploads\/usu827\/2021\/11\/IMG-20211119-WA0017-1024x768.jpg 1024w, https:\/\/agora.xtec.cat\/esc-tarragona\/wp-content\/uploads\/usu827\/2021\/11\/IMG-20211119-WA0017-300x225.jpg 300w, https:\/\/agora.xtec.cat\/esc-tarragona\/wp-content\/uploads\/usu827\/2021\/11\/IMG-20211119-WA0017-768x576.jpg 768w, https:\/\/agora.xtec.cat\/esc-tarragona\/wp-content\/uploads\/usu827\/2021\/11\/IMG-20211119-WA0017-1536x1152.jpg 1536w, https:\/\/agora.xtec.cat\/esc-tarragona\/wp-content\/uploads\/usu827\/2021\/11\/IMG-20211119-WA0017-200x150.jpg 200w, https:\/\/agora.xtec.cat\/esc-tarragona\/wp-content\/uploads\/usu827\/2021\/11\/IMG-20211119-WA0017.jpg 1600w\" sizes=\"auto, (max-width: 1024px) 100vw, 1024px\" \/><\/a><\/p>\n<p><a href=\"https:\/\/agora.xtec.cat\/esc-tarragona\/wp-content\/uploads\/usu827\/2021\/11\/IMG-20211119-WA0027.jpg\"><img loading=\"lazy\" decoding=\"async\" class=\"aligncenter size-large wp-image-1922\" src=\"https:\/\/agora.xtec.cat\/esc-tarragona\/wp-content\/uploads\/usu827\/2021\/11\/IMG-20211119-WA0027-1024x427.jpg\" alt=\"\" width=\"1024\" height=\"427\" srcset=\"https:\/\/agora.xtec.cat\/esc-tarragona\/wp-content\/uploads\/usu827\/2021\/11\/IMG-20211119-WA0027-1024x427.jpg 1024w, https:\/\/agora.xtec.cat\/esc-tarragona\/wp-content\/uploads\/usu827\/2021\/11\/IMG-20211119-WA0027-300x125.jpg 300w, https:\/\/agora.xtec.cat\/esc-tarragona\/wp-content\/uploads\/usu827\/2021\/11\/IMG-20211119-WA0027-768x320.jpg 768w, https:\/\/agora.xtec.cat\/esc-tarragona\/wp-content\/uploads\/usu827\/2021\/11\/IMG-20211119-WA0027-1536x640.jpg 1536w, https:\/\/agora.xtec.cat\/esc-tarragona\/wp-content\/uploads\/usu827\/2021\/11\/IMG-20211119-WA0027.jpg 1600w\" sizes=\"auto, (max-width: 1024px) 100vw, 1024px\" \/><\/a><\/p>\n","protected":false},"excerpt":{"rendered":"<p>El 20 de novembre \u00e9s el &#8220;Dia Universal dels Drets dels Infants&#8221;. Per aquest motiu els\/les monitors del servei de menjador ens han fet\u00a0 una xerrada de conscienciaci\u00f3 i despr\u00e9s a trav\u00e9s d&#8217;una din\u00e0mica hem reflexionat del motiu pel qual es consideren tan importants. Finalment,&hellip;  <a href=\"https:\/\/agora.xtec.cat\/esc-tarragona\/general\/dia-dels-drets-dels-infants\/\" title=\"Read Dia dels Drets dels Infants!\">Llegeix m\u00e9s\u00bb<\/a><\/p>\n","protected":false},"author":11,"featured_media":1922,"comment_status":"closed","ping_status":"closed","sticky":false,"template":"","format":"standard","meta":{"_bbp_topic_count":0,"_bbp_reply_count":0,"_bbp_total_topic_count":0,"_bbp_total_reply_count":0,"_bbp_voice_count":0,"_bbp_anonymous_reply_count":0,"_bbp_topic_count_hidden":0,"_bbp_reply_count_hidden":0,"_bbp_forum_subforum_count":0,"footnotes":""},"categories":[5,1,4],"tags":[],"class_list":["post-1917","post","type-post","status-publish","format-standard","has-post-thumbnail","hentry","category-primaria","category-general","category-portada"],"post_mailing_queue_ids":[],"_links":{"self":[{"href":"https:\/\/agora.xtec.cat\/esc-tarragona\/wp-json\/wp\/v2\/posts\/1917","targetHints":{"allow":["GET"]}}],"collection":[{"href":"https:\/\/agora.xtec.cat\/esc-tarragona\/wp-json\/wp\/v2\/posts"}],"about":[{"href":"https:\/\/agora.xtec.cat\/esc-tarragona\/wp-json\/wp\/v2\/types\/post"}],"author":[{"embeddable":true,"href":"https:\/\/agora.xtec.cat\/esc-tarragona\/wp-json\/wp\/v2\/users\/11"}],"replies":[{"embeddable":true,"href":"https:\/\/agora.xtec.cat\/esc-tarragona\/wp-json\/wp\/v2\/comments?post=1917"}],"version-history":[{"count":2,"href":"https:\/\/agora.xtec.cat\/esc-tarragona\/wp-json\/wp\/v2\/posts\/1917\/revisions"}],"predecessor-version":[{"id":1924,"href":"https:\/\/agora.xtec.cat\/esc-tarragona\/wp-json\/wp\/v2\/posts\/1917\/revisions\/1924"}],"wp:featuredmedia":[{"embeddable":true,"href":"https:\/\/agora.xtec.cat\/esc-tarragona\/wp-json\/wp\/v2\/media\/1922"}],"wp:attachment":[{"href":"https:\/\/agora.xtec.cat\/esc-tarragona\/wp-json\/wp\/v2\/media?parent=1917"}],"wp:term":[{"taxonomy":"category","embeddable":true,"href":"https:\/\/agora.xtec.cat\/esc-tarragona\/wp-json\/wp\/v2\/categories?post=1917"},{"taxonomy":"post_tag","embeddable":true,"href":"https:\/\/agora.xtec.cat\/esc-tarragona\/wp-json\/wp\/v2\/tags?post=1917"}],"curies":[{"name":"wp","href":"https:\/\/api.w.org\/{rel}","templated":true}]}}