{"id":1892,"date":"2021-11-18T11:14:55","date_gmt":"2021-11-18T10:14:55","guid":{"rendered":"https:\/\/agora.xtec.cat\/esc-tarragona\/?p=1892"},"modified":"2021-11-18T11:15:22","modified_gmt":"2021-11-18T10:15:22","slug":"celebrem-el-dia-mundial-de-la-diabetis","status":"publish","type":"post","link":"https:\/\/agora.xtec.cat\/esc-tarragona\/general\/celebrem-el-dia-mundial-de-la-diabetis\/","title":{"rendered":"Celebrem el Dia Mundial de la Diabetis!"},"content":{"rendered":"<p>El 14 de novembre \u00e9s el Dia Mundial de la Diabetis. El divendres 12, els alumnes d&#8217;Educaci\u00f3 Prim\u00e0ria hem visionat uns v\u00eddeos per con\u00e8ixer aquesta malaltia i hem parlat de quina manera podem prevenir-la. Tamb\u00e9 hem dibuixat el logo: dues circumfer\u00e8ncies conc\u00e8ntriques de color blau.<\/p>\n","protected":false},"excerpt":{"rendered":"<p>El 14 de novembre \u00e9s el Dia Mundial de la Diabetis. El divendres 12, els alumnes d&#8217;Educaci\u00f3 Prim\u00e0ria hem visionat uns v\u00eddeos per con\u00e8ixer aquesta malaltia i hem parlat de quina manera podem prevenir-la. Tamb\u00e9 hem dibuixat el logo: dues circumfer\u00e8ncies conc\u00e8ntriques de color blau.<\/p>\n","protected":false},"author":11,"featured_media":1893,"comment_status":"closed","ping_status":"closed","sticky":false,"template":"","format":"standard","meta":{"_bbp_topic_count":0,"_bbp_reply_count":0,"_bbp_total_topic_count":0,"_bbp_total_reply_count":0,"_bbp_voice_count":0,"_bbp_anonymous_reply_count":0,"_bbp_topic_count_hidden":0,"_bbp_reply_count_hidden":0,"_bbp_forum_subforum_count":0,"footnotes":""},"categories":[5,1,4],"tags":[],"class_list":["post-1892","post","type-post","status-publish","format-standard","has-post-thumbnail","hentry","category-primaria","category-general","category-portada"],"post_mailing_queue_ids":[],"_links":{"self":[{"href":"https:\/\/agora.xtec.cat\/esc-tarragona\/wp-json\/wp\/v2\/posts\/1892","targetHints":{"allow":["GET"]}}],"collection":[{"href":"https:\/\/agora.xtec.cat\/esc-tarragona\/wp-json\/wp\/v2\/posts"}],"about":[{"href":"https:\/\/agora.xtec.cat\/esc-tarragona\/wp-json\/wp\/v2\/types\/post"}],"author":[{"embeddable":true,"href":"https:\/\/agora.xtec.cat\/esc-tarragona\/wp-json\/wp\/v2\/users\/11"}],"replies":[{"embeddable":true,"href":"https:\/\/agora.xtec.cat\/esc-tarragona\/wp-json\/wp\/v2\/comments?post=1892"}],"version-history":[{"count":1,"href":"https:\/\/agora.xtec.cat\/esc-tarragona\/wp-json\/wp\/v2\/posts\/1892\/revisions"}],"predecessor-version":[{"id":1894,"href":"https:\/\/agora.xtec.cat\/esc-tarragona\/wp-json\/wp\/v2\/posts\/1892\/revisions\/1894"}],"wp:featuredmedia":[{"embeddable":true,"href":"https:\/\/agora.xtec.cat\/esc-tarragona\/wp-json\/wp\/v2\/media\/1893"}],"wp:attachment":[{"href":"https:\/\/agora.xtec.cat\/esc-tarragona\/wp-json\/wp\/v2\/media?parent=1892"}],"wp:term":[{"taxonomy":"category","embeddable":true,"href":"https:\/\/agora.xtec.cat\/esc-tarragona\/wp-json\/wp\/v2\/categories?post=1892"},{"taxonomy":"post_tag","embeddable":true,"href":"https:\/\/agora.xtec.cat\/esc-tarragona\/wp-json\/wp\/v2\/tags?post=1892"}],"curies":[{"name":"wp","href":"https:\/\/api.w.org\/{rel}","templated":true}]}}