{"id":1617,"date":"2021-10-17T11:16:46","date_gmt":"2021-10-17T09:16:46","guid":{"rendered":"https:\/\/agora.xtec.cat\/esc-tarragona\/?p=1617"},"modified":"2021-10-17T11:16:46","modified_gmt":"2021-10-17T09:16:46","slug":"dia-mundial-de-la-rcp-a-6e","status":"publish","type":"post","link":"https:\/\/agora.xtec.cat\/esc-tarragona\/general\/dia-mundial-de-la-rcp-a-6e\/","title":{"rendered":"Dia mundial de la RCP a 6\u00e8"},"content":{"rendered":"<p>El 16 d&#8217;octubre \u00e9s el <span style=\"color: #ff0000;\"><strong>dia Mundial de la Reanimaci\u00f3 Cardio Pulmonar<\/strong><\/span> i els\/les alumnes de 6\u00e8 hem pres consci\u00e8ncia de la import\u00e0ncia de con\u00e8ixer els passos que hem de seguir per poder reiniciar el cor i salvar vides. Fer alguna cosa sempre \u00e9s millor que no fer res!<\/p>\n<p><a href=\"https:\/\/agora.xtec.cat\/esc-tarragona\/wp-content\/uploads\/usu827\/2021\/10\/IMG_20211013_155753-min-scaled.jpg\"><img loading=\"lazy\" decoding=\"async\" class=\"aligncenter size-large wp-image-1618\" src=\"https:\/\/agora.xtec.cat\/esc-tarragona\/wp-content\/uploads\/usu827\/2021\/10\/IMG_20211013_155753-min-1024x768.jpg\" alt=\"\" width=\"1024\" height=\"768\" srcset=\"https:\/\/agora.xtec.cat\/esc-tarragona\/wp-content\/uploads\/usu827\/2021\/10\/IMG_20211013_155753-min-1024x768.jpg 1024w, https:\/\/agora.xtec.cat\/esc-tarragona\/wp-content\/uploads\/usu827\/2021\/10\/IMG_20211013_155753-min-300x225.jpg 300w, https:\/\/agora.xtec.cat\/esc-tarragona\/wp-content\/uploads\/usu827\/2021\/10\/IMG_20211013_155753-min-768x576.jpg 768w, https:\/\/agora.xtec.cat\/esc-tarragona\/wp-content\/uploads\/usu827\/2021\/10\/IMG_20211013_155753-min-1536x1152.jpg 1536w, https:\/\/agora.xtec.cat\/esc-tarragona\/wp-content\/uploads\/usu827\/2021\/10\/IMG_20211013_155753-min-2048x1536.jpg 2048w, https:\/\/agora.xtec.cat\/esc-tarragona\/wp-content\/uploads\/usu827\/2021\/10\/IMG_20211013_155753-min-200x150.jpg 200w\" sizes=\"auto, (max-width: 1024px) 100vw, 1024px\" \/><\/a><\/p>\n<p><a href=\"https:\/\/agora.xtec.cat\/esc-tarragona\/wp-content\/uploads\/usu827\/2021\/10\/IMG_20211015_173045-min-scaled.jpg\"><img loading=\"lazy\" decoding=\"async\" class=\"aligncenter size-large wp-image-1619\" src=\"https:\/\/agora.xtec.cat\/esc-tarragona\/wp-content\/uploads\/usu827\/2021\/10\/IMG_20211015_173045-min-1024x768.jpg\" alt=\"\" width=\"1024\" height=\"768\" srcset=\"https:\/\/agora.xtec.cat\/esc-tarragona\/wp-content\/uploads\/usu827\/2021\/10\/IMG_20211015_173045-min-1024x768.jpg 1024w, https:\/\/agora.xtec.cat\/esc-tarragona\/wp-content\/uploads\/usu827\/2021\/10\/IMG_20211015_173045-min-300x225.jpg 300w, https:\/\/agora.xtec.cat\/esc-tarragona\/wp-content\/uploads\/usu827\/2021\/10\/IMG_20211015_173045-min-768x576.jpg 768w, https:\/\/agora.xtec.cat\/esc-tarragona\/wp-content\/uploads\/usu827\/2021\/10\/IMG_20211015_173045-min-1536x1152.jpg 1536w, https:\/\/agora.xtec.cat\/esc-tarragona\/wp-content\/uploads\/usu827\/2021\/10\/IMG_20211015_173045-min-2048x1536.jpg 2048w, https:\/\/agora.xtec.cat\/esc-tarragona\/wp-content\/uploads\/usu827\/2021\/10\/IMG_20211015_173045-min-200x150.jpg 200w\" sizes=\"auto, (max-width: 1024px) 100vw, 1024px\" \/><\/a><\/p>\n","protected":false},"excerpt":{"rendered":"<p>El 16 d&#8217;octubre \u00e9s el dia Mundial de la Reanimaci\u00f3 Cardio Pulmonar i els\/les alumnes de 6\u00e8 hem pres consci\u00e8ncia de la import\u00e0ncia de con\u00e8ixer els passos que hem de seguir per poder reiniciar el cor i salvar vides. Fer alguna cosa sempre \u00e9s millor&hellip;  <a href=\"https:\/\/agora.xtec.cat\/esc-tarragona\/general\/dia-mundial-de-la-rcp-a-6e\/\" title=\"Read Dia mundial de la RCP a 6\u00e8\">Llegeix m\u00e9s\u00bb<\/a><\/p>\n","protected":false},"author":11,"featured_media":1620,"comment_status":"closed","ping_status":"closed","sticky":false,"template":"","format":"standard","meta":{"_bbp_topic_count":0,"_bbp_reply_count":0,"_bbp_total_topic_count":0,"_bbp_total_reply_count":0,"_bbp_voice_count":0,"_bbp_anonymous_reply_count":0,"_bbp_topic_count_hidden":0,"_bbp_reply_count_hidden":0,"_bbp_forum_subforum_count":0,"footnotes":""},"categories":[15,5,1,4],"tags":[],"class_list":["post-1617","post","type-post","status-publish","format-standard","has-post-thumbnail","hentry","category-6e","category-primaria","category-general","category-portada"],"post_mailing_queue_ids":[],"_links":{"self":[{"href":"https:\/\/agora.xtec.cat\/esc-tarragona\/wp-json\/wp\/v2\/posts\/1617","targetHints":{"allow":["GET"]}}],"collection":[{"href":"https:\/\/agora.xtec.cat\/esc-tarragona\/wp-json\/wp\/v2\/posts"}],"about":[{"href":"https:\/\/agora.xtec.cat\/esc-tarragona\/wp-json\/wp\/v2\/types\/post"}],"author":[{"embeddable":true,"href":"https:\/\/agora.xtec.cat\/esc-tarragona\/wp-json\/wp\/v2\/users\/11"}],"replies":[{"embeddable":true,"href":"https:\/\/agora.xtec.cat\/esc-tarragona\/wp-json\/wp\/v2\/comments?post=1617"}],"version-history":[{"count":1,"href":"https:\/\/agora.xtec.cat\/esc-tarragona\/wp-json\/wp\/v2\/posts\/1617\/revisions"}],"predecessor-version":[{"id":1621,"href":"https:\/\/agora.xtec.cat\/esc-tarragona\/wp-json\/wp\/v2\/posts\/1617\/revisions\/1621"}],"wp:featuredmedia":[{"embeddable":true,"href":"https:\/\/agora.xtec.cat\/esc-tarragona\/wp-json\/wp\/v2\/media\/1620"}],"wp:attachment":[{"href":"https:\/\/agora.xtec.cat\/esc-tarragona\/wp-json\/wp\/v2\/media?parent=1617"}],"wp:term":[{"taxonomy":"category","embeddable":true,"href":"https:\/\/agora.xtec.cat\/esc-tarragona\/wp-json\/wp\/v2\/categories?post=1617"},{"taxonomy":"post_tag","embeddable":true,"href":"https:\/\/agora.xtec.cat\/esc-tarragona\/wp-json\/wp\/v2\/tags?post=1617"}],"curies":[{"name":"wp","href":"https:\/\/api.w.org\/{rel}","templated":true}]}}