{"id":1579,"date":"2021-10-17T11:16:00","date_gmt":"2021-10-17T09:16:00","guid":{"rendered":"https:\/\/agora.xtec.cat\/esc-tarragona\/?p=1579"},"modified":"2021-10-17T11:16:00","modified_gmt":"2021-10-17T09:16:00","slug":"jornada-rcp-alumnat-de-3r","status":"publish","type":"post","link":"https:\/\/agora.xtec.cat\/esc-tarragona\/general\/jornada-rcp-alumnat-de-3r\/","title":{"rendered":"Jornada RCP alumnat de 3r"},"content":{"rendered":"<p>Aprofitant que aquesta setmana es celebra a l&#8217;escola el <strong><span style=\"color: #ff0000;\">dia Mundial de la RCP<\/span><\/strong>,\u00a0 els nens i nenes de les classes de <strong>3r<\/strong>,\u00a0 hem apr\u00e8s les actuacions que cal dur a terme davant d&#8217;una emerg\u00e8ncia com \u00e9s trobar-nos una persona estesa a terra. A continuaci\u00f3, hem posat en pr\u00e0ctica quins s\u00f3n els\u00a0passos a seguir per realitzar la Posici\u00f3 Lateral de Seguretat fins que arribi l&#8217;ambul\u00e0ncia.<\/p>\n<p>Els tutors de 3r estem molt contents\u00a0davant les ganes d&#8217;aprendre mostrades per els nostres alumnes.<\/p>\n<div>\n<div><\/div>\n<p><span style=\"color: #000000;\"><strong>Enhorabona a tots i a totes per la feina feta!<\/strong><\/span><\/p>\n<\/div>\n<div><\/div>\n<p><a href=\"https:\/\/agora.xtec.cat\/esc-tarragona\/wp-content\/uploads\/usu827\/2021\/10\/IMG_20211013_161437-scaled.jpg\"><img loading=\"lazy\" decoding=\"async\" class=\"aligncenter size-large wp-image-1580\" src=\"https:\/\/agora.xtec.cat\/esc-tarragona\/wp-content\/uploads\/usu827\/2021\/10\/IMG_20211013_161437-1024x768.jpg\" alt=\"\" width=\"1024\" height=\"768\" srcset=\"https:\/\/agora.xtec.cat\/esc-tarragona\/wp-content\/uploads\/usu827\/2021\/10\/IMG_20211013_161437-1024x768.jpg 1024w, https:\/\/agora.xtec.cat\/esc-tarragona\/wp-content\/uploads\/usu827\/2021\/10\/IMG_20211013_161437-300x225.jpg 300w, https:\/\/agora.xtec.cat\/esc-tarragona\/wp-content\/uploads\/usu827\/2021\/10\/IMG_20211013_161437-768x576.jpg 768w, https:\/\/agora.xtec.cat\/esc-tarragona\/wp-content\/uploads\/usu827\/2021\/10\/IMG_20211013_161437-1536x1152.jpg 1536w, https:\/\/agora.xtec.cat\/esc-tarragona\/wp-content\/uploads\/usu827\/2021\/10\/IMG_20211013_161437-2048x1536.jpg 2048w, https:\/\/agora.xtec.cat\/esc-tarragona\/wp-content\/uploads\/usu827\/2021\/10\/IMG_20211013_161437-200x150.jpg 200w\" sizes=\"auto, (max-width: 1024px) 100vw, 1024px\" \/><\/a><\/p>\n<p><a href=\"https:\/\/agora.xtec.cat\/esc-tarragona\/wp-content\/uploads\/usu827\/2021\/10\/IMG-20211015-WA0008.jpg\"><img loading=\"lazy\" decoding=\"async\" class=\"aligncenter size-large wp-image-1581\" src=\"https:\/\/agora.xtec.cat\/esc-tarragona\/wp-content\/uploads\/usu827\/2021\/10\/IMG-20211015-WA0008-1024x769.jpg\" alt=\"\" width=\"1024\" height=\"769\" srcset=\"https:\/\/agora.xtec.cat\/esc-tarragona\/wp-content\/uploads\/usu827\/2021\/10\/IMG-20211015-WA0008-1024x769.jpg 1024w, https:\/\/agora.xtec.cat\/esc-tarragona\/wp-content\/uploads\/usu827\/2021\/10\/IMG-20211015-WA0008-300x225.jpg 300w, https:\/\/agora.xtec.cat\/esc-tarragona\/wp-content\/uploads\/usu827\/2021\/10\/IMG-20211015-WA0008-768x576.jpg 768w, https:\/\/agora.xtec.cat\/esc-tarragona\/wp-content\/uploads\/usu827\/2021\/10\/IMG-20211015-WA0008-1536x1153.jpg 1536w, https:\/\/agora.xtec.cat\/esc-tarragona\/wp-content\/uploads\/usu827\/2021\/10\/IMG-20211015-WA0008-200x150.jpg 200w, https:\/\/agora.xtec.cat\/esc-tarragona\/wp-content\/uploads\/usu827\/2021\/10\/IMG-20211015-WA0008.jpg 1600w\" sizes=\"auto, (max-width: 1024px) 100vw, 1024px\" \/><\/a><\/p>\n","protected":false},"excerpt":{"rendered":"<p>Aprofitant que aquesta setmana es celebra a l&#8217;escola el dia Mundial de la RCP,\u00a0 els nens i nenes de les classes de 3r,\u00a0 hem apr\u00e8s les actuacions que cal dur a terme davant d&#8217;una emerg\u00e8ncia com \u00e9s trobar-nos una persona estesa a terra. A continuaci\u00f3,&hellip;  <a href=\"https:\/\/agora.xtec.cat\/esc-tarragona\/general\/jornada-rcp-alumnat-de-3r\/\" title=\"Read Jornada RCP alumnat de 3r\">Llegeix m\u00e9s\u00bb<\/a><\/p>\n","protected":false},"author":11,"featured_media":1591,"comment_status":"closed","ping_status":"closed","sticky":false,"template":"","format":"standard","meta":{"_bbp_topic_count":0,"_bbp_reply_count":0,"_bbp_total_topic_count":0,"_bbp_total_reply_count":0,"_bbp_voice_count":0,"_bbp_anonymous_reply_count":0,"_bbp_topic_count_hidden":0,"_bbp_reply_count_hidden":0,"_bbp_forum_subforum_count":0,"footnotes":""},"categories":[12,5,1,4],"tags":[],"class_list":["post-1579","post","type-post","status-publish","format-standard","has-post-thumbnail","hentry","category-3r","category-primaria","category-general","category-portada"],"post_mailing_queue_ids":[],"_links":{"self":[{"href":"https:\/\/agora.xtec.cat\/esc-tarragona\/wp-json\/wp\/v2\/posts\/1579","targetHints":{"allow":["GET"]}}],"collection":[{"href":"https:\/\/agora.xtec.cat\/esc-tarragona\/wp-json\/wp\/v2\/posts"}],"about":[{"href":"https:\/\/agora.xtec.cat\/esc-tarragona\/wp-json\/wp\/v2\/types\/post"}],"author":[{"embeddable":true,"href":"https:\/\/agora.xtec.cat\/esc-tarragona\/wp-json\/wp\/v2\/users\/11"}],"replies":[{"embeddable":true,"href":"https:\/\/agora.xtec.cat\/esc-tarragona\/wp-json\/wp\/v2\/comments?post=1579"}],"version-history":[{"count":2,"href":"https:\/\/agora.xtec.cat\/esc-tarragona\/wp-json\/wp\/v2\/posts\/1579\/revisions"}],"predecessor-version":[{"id":1583,"href":"https:\/\/agora.xtec.cat\/esc-tarragona\/wp-json\/wp\/v2\/posts\/1579\/revisions\/1583"}],"wp:featuredmedia":[{"embeddable":true,"href":"https:\/\/agora.xtec.cat\/esc-tarragona\/wp-json\/wp\/v2\/media\/1591"}],"wp:attachment":[{"href":"https:\/\/agora.xtec.cat\/esc-tarragona\/wp-json\/wp\/v2\/media?parent=1579"}],"wp:term":[{"taxonomy":"category","embeddable":true,"href":"https:\/\/agora.xtec.cat\/esc-tarragona\/wp-json\/wp\/v2\/categories?post=1579"},{"taxonomy":"post_tag","embeddable":true,"href":"https:\/\/agora.xtec.cat\/esc-tarragona\/wp-json\/wp\/v2\/tags?post=1579"}],"curies":[{"name":"wp","href":"https:\/\/api.w.org\/{rel}","templated":true}]}}