{"id":10127,"date":"2026-02-13T10:14:35","date_gmt":"2026-02-13T09:14:35","guid":{"rendered":"https:\/\/agora.xtec.cat\/esc-tarragona\/?p=10127"},"modified":"2026-02-13T10:16:59","modified_gmt":"2026-02-13T09:16:59","slug":"padrins-lectors","status":"publish","type":"post","link":"https:\/\/agora.xtec.cat\/esc-tarragona\/general\/padrins-lectors\/","title":{"rendered":"Padrins Lectors"},"content":{"rendered":"<p>A I5 i 5\u00e8 hem iniciat els padrins de lectura, una activitat on els alumnes de 5\u00e8 acompanyen els m\u00e9s petits en el seu aprenentatge lector. Un espai per aprendre amb confian\u00e7a i complicitat, creant vincles que van m\u00e9s enll\u00e0 de les paraules.<\/p>\n<p><iframe loading=\"lazy\" title=\"PADRINS\" width=\"500\" height=\"281\" src=\"https:\/\/www.youtube.com\/embed\/BJ9Xr0D6Y44?feature=oembed\" frameborder=\"0\" allow=\"accelerometer; autoplay; clipboard-write; encrypted-media; gyroscope; picture-in-picture; web-share\" referrerpolicy=\"strict-origin-when-cross-origin\" allowfullscreen><\/iframe><\/p>\n","protected":false},"excerpt":{"rendered":"<p>A I5 i 5\u00e8 hem iniciat els padrins de lectura, una activitat on els alumnes de 5\u00e8 acompanyen els m\u00e9s petits en el seu aprenentatge lector. Un espai per aprendre amb confian\u00e7a i complicitat, creant vincles que van m\u00e9s enll\u00e0 de les paraules.<\/p>\n","protected":false},"author":1,"featured_media":0,"comment_status":"closed","ping_status":"open","sticky":false,"template":"","format":"standard","meta":{"_bbp_topic_count":0,"_bbp_reply_count":0,"_bbp_total_topic_count":0,"_bbp_total_reply_count":0,"_bbp_voice_count":0,"_bbp_anonymous_reply_count":0,"_bbp_topic_count_hidden":0,"_bbp_reply_count_hidden":0,"_bbp_forum_subforum_count":0,"footnotes":""},"categories":[1,4],"tags":[],"class_list":["post-10127","post","type-post","status-publish","format-standard","hentry","category-general","category-portada"],"post_mailing_queue_ids":[],"_links":{"self":[{"href":"https:\/\/agora.xtec.cat\/esc-tarragona\/wp-json\/wp\/v2\/posts\/10127","targetHints":{"allow":["GET"]}}],"collection":[{"href":"https:\/\/agora.xtec.cat\/esc-tarragona\/wp-json\/wp\/v2\/posts"}],"about":[{"href":"https:\/\/agora.xtec.cat\/esc-tarragona\/wp-json\/wp\/v2\/types\/post"}],"author":[{"embeddable":true,"href":"https:\/\/agora.xtec.cat\/esc-tarragona\/wp-json\/wp\/v2\/users\/1"}],"replies":[{"embeddable":true,"href":"https:\/\/agora.xtec.cat\/esc-tarragona\/wp-json\/wp\/v2\/comments?post=10127"}],"version-history":[{"count":2,"href":"https:\/\/agora.xtec.cat\/esc-tarragona\/wp-json\/wp\/v2\/posts\/10127\/revisions"}],"predecessor-version":[{"id":10130,"href":"https:\/\/agora.xtec.cat\/esc-tarragona\/wp-json\/wp\/v2\/posts\/10127\/revisions\/10130"}],"wp:attachment":[{"href":"https:\/\/agora.xtec.cat\/esc-tarragona\/wp-json\/wp\/v2\/media?parent=10127"}],"wp:term":[{"taxonomy":"category","embeddable":true,"href":"https:\/\/agora.xtec.cat\/esc-tarragona\/wp-json\/wp\/v2\/categories?post=10127"},{"taxonomy":"post_tag","embeddable":true,"href":"https:\/\/agora.xtec.cat\/esc-tarragona\/wp-json\/wp\/v2\/tags?post=10127"}],"curies":[{"name":"wp","href":"https:\/\/api.w.org\/{rel}","templated":true}]}}