{"id":10034,"date":"2026-02-01T11:44:56","date_gmt":"2026-02-01T10:44:56","guid":{"rendered":"https:\/\/agora.xtec.cat\/esc-tarragona\/?p=10034"},"modified":"2026-02-01T11:44:56","modified_gmt":"2026-02-01T10:44:56","slug":"celebrem-el-dia-de-la-pau-2","status":"publish","type":"post","link":"https:\/\/agora.xtec.cat\/esc-tarragona\/general\/celebrem-el-dia-de-la-pau-2\/","title":{"rendered":"Celebrem el Dia de la Pau"},"content":{"rendered":"<p data-start=\"0\" data-end=\"353\">Amb motiu del Dia de la Pau, tot l\u2019alumnat i el professorat de l\u2019escola ens hem reunit per compartir una jornada plena de significat. L\u2019acte ha incl\u00f2s la lectura d\u2019un manifest i diverses actuacions a c\u00e0rrec dels mateixos companys i companyes, que han ajudat a fer visible el comprom\u00eds de tota la comunitat educativa amb els valors de la pau. Moments com aquest ens permeten viure i refor\u00e7ar el respecte, la conviv\u00e8ncia, l\u2019empatia i la solidaritat, valors essencials que treballem dia a dia a l\u2019escola i que prenen encara m\u00e9s sentit quan els compartim plegats.<\/p>\n<p data-start=\"0\" data-end=\"353\"><a href=\"https:\/\/agora.xtec.cat\/esc-tarragona\/general\/celebrem-el-dia-de-la-pau-2\/attachment\/photo-2026-01-30-19-43-10\/\" rel=\"attachment wp-att-10035\"><img loading=\"lazy\" decoding=\"async\" class=\"aligncenter  wp-image-10035\" src=\"https:\/\/agora.xtec.cat\/esc-tarragona\/wp-content\/uploads\/usu827\/2026\/02\/PHOTO-2026-01-30-19-43-10-300x225.jpg\" alt=\"\" width=\"344\" height=\"258\" srcset=\"https:\/\/agora.xtec.cat\/esc-tarragona\/wp-content\/uploads\/usu827\/2026\/02\/PHOTO-2026-01-30-19-43-10-300x225.jpg 300w, https:\/\/agora.xtec.cat\/esc-tarragona\/wp-content\/uploads\/usu827\/2026\/02\/PHOTO-2026-01-30-19-43-10-1024x768.jpg 1024w, https:\/\/agora.xtec.cat\/esc-tarragona\/wp-content\/uploads\/usu827\/2026\/02\/PHOTO-2026-01-30-19-43-10-768x576.jpg 768w, https:\/\/agora.xtec.cat\/esc-tarragona\/wp-content\/uploads\/usu827\/2026\/02\/PHOTO-2026-01-30-19-43-10-1536x1152.jpg 1536w, https:\/\/agora.xtec.cat\/esc-tarragona\/wp-content\/uploads\/usu827\/2026\/02\/PHOTO-2026-01-30-19-43-10-200x150.jpg 200w, https:\/\/agora.xtec.cat\/esc-tarragona\/wp-content\/uploads\/usu827\/2026\/02\/PHOTO-2026-01-30-19-43-10.jpg 1600w\" sizes=\"auto, (max-width: 344px) 100vw, 344px\" \/><\/a><\/p>\n","protected":false},"excerpt":{"rendered":"<p>Amb motiu del Dia de la Pau, tot l\u2019alumnat i el professorat de l\u2019escola ens hem reunit per compartir una jornada plena de significat. L\u2019acte ha incl\u00f2s la lectura d\u2019un manifest i diverses actuacions a c\u00e0rrec dels mateixos companys i companyes, que han ajudat a&hellip;  <a href=\"https:\/\/agora.xtec.cat\/esc-tarragona\/general\/celebrem-el-dia-de-la-pau-2\/\" title=\"Read Celebrem el Dia de la Pau\">Llegeix m\u00e9s\u00bb<\/a><\/p>\n","protected":false},"author":1,"featured_media":0,"comment_status":"closed","ping_status":"open","sticky":false,"template":"","format":"standard","meta":{"_bbp_topic_count":0,"_bbp_reply_count":0,"_bbp_total_topic_count":0,"_bbp_total_reply_count":0,"_bbp_voice_count":0,"_bbp_anonymous_reply_count":0,"_bbp_topic_count_hidden":0,"_bbp_reply_count_hidden":0,"_bbp_forum_subforum_count":0,"footnotes":""},"categories":[1,4],"tags":[],"class_list":["post-10034","post","type-post","status-publish","format-standard","hentry","category-general","category-portada"],"post_mailing_queue_ids":[],"_links":{"self":[{"href":"https:\/\/agora.xtec.cat\/esc-tarragona\/wp-json\/wp\/v2\/posts\/10034","targetHints":{"allow":["GET"]}}],"collection":[{"href":"https:\/\/agora.xtec.cat\/esc-tarragona\/wp-json\/wp\/v2\/posts"}],"about":[{"href":"https:\/\/agora.xtec.cat\/esc-tarragona\/wp-json\/wp\/v2\/types\/post"}],"author":[{"embeddable":true,"href":"https:\/\/agora.xtec.cat\/esc-tarragona\/wp-json\/wp\/v2\/users\/1"}],"replies":[{"embeddable":true,"href":"https:\/\/agora.xtec.cat\/esc-tarragona\/wp-json\/wp\/v2\/comments?post=10034"}],"version-history":[{"count":2,"href":"https:\/\/agora.xtec.cat\/esc-tarragona\/wp-json\/wp\/v2\/posts\/10034\/revisions"}],"predecessor-version":[{"id":10037,"href":"https:\/\/agora.xtec.cat\/esc-tarragona\/wp-json\/wp\/v2\/posts\/10034\/revisions\/10037"}],"wp:attachment":[{"href":"https:\/\/agora.xtec.cat\/esc-tarragona\/wp-json\/wp\/v2\/media?parent=10034"}],"wp:term":[{"taxonomy":"category","embeddable":true,"href":"https:\/\/agora.xtec.cat\/esc-tarragona\/wp-json\/wp\/v2\/categories?post=10034"},{"taxonomy":"post_tag","embeddable":true,"href":"https:\/\/agora.xtec.cat\/esc-tarragona\/wp-json\/wp\/v2\/tags?post=10034"}],"curies":[{"name":"wp","href":"https:\/\/api.w.org\/{rel}","templated":true}]}}