{"id":7583,"date":"2022-03-15T11:29:51","date_gmt":"2022-03-15T10:29:51","guid":{"rendered":"https:\/\/agora.xtec.cat\/esc-stjordi-puigverdlleida\/?p=7583"},"modified":"2022-03-15T20:29:20","modified_gmt":"2022-03-15T19:29:20","slug":"projecte-la-casa-del-nostre-futur","status":"publish","type":"post","link":"https:\/\/agora.xtec.cat\/esc-stjordi-puigverdlleida\/general\/projecte-la-casa-del-nostre-futur\/","title":{"rendered":"Projecte &#8220;La casa del nostre futur&#8221;"},"content":{"rendered":"<p><strong>Per qu\u00e8?<\/strong><\/p>\n<p><strong>&#8211; per a garantir el recursos per a les generacions futures\u00a0 tot practicant una comportament basat en les\u00a0 3 R ( REDUIR el consum i els residus,\u00a0 REUTILITZAR , RECICLAR )<\/strong><\/p>\n<p><strong>&#8211; per a\u00a0 frenar els efectes devastadors del canvi clim\u00e0tic \u00a0( esclafament de l\u2019atmosfera) ocasionat pels excessos de contaminaci\u00f3,\u00a0 mala gesti\u00f3 dels residus, exc\u00e9s de consum i ab\u00fas de la capacitat regeneradora del planeta.<\/strong><\/p>\n<p><span style=\"color: #ff00ff;\">Davant d&#8217;aquest <strong>IMPORTANT\u00a0 repte<\/strong> , els alumnes de CS han posat fil a l&#8217;agulla recreant\u00a0 una maqueta conjunta\u00a0 on poder exposar &#8221; els punts de sostenibilitat&#8221; de cada una de les\u00a0<strong> 5\u00a0 \u00a0ZONES<\/strong> de la seva casa del futur:<\/span><\/p>\n<p><span style=\"color: #3366ff;\"><strong><u>1- VIVENDA :<\/u><\/strong><u> La<\/u><u><\/u><strong><u> casa on viurem<\/u><\/strong><\/span><\/p>\n<ul>\n<li>aprofitament de les aig\u00fces pluvials amb un Pluvi\u00f2metre<\/li>\n<li>a\u00efllament t\u00e8rmic de les\u00a0 finestres i orientaci\u00f3 a\u00a0 l EST: aprofitament de la radiaci\u00f3 solar &#8211;\u00a0 llum natural i\u00a0 el color blanc\u00a0 o\u00a0 \u00a0efecte\u00a0 Aldebo :\u00a0 a\u00efllar de la calor<\/li>\n<li>plaques solars per a generar electricitat<\/li>\n<\/ul>\n<p><a href=\"https:\/\/agora.xtec.cat\/esc-stjordi-puigverdlleida\/wp-content\/uploads\/usu706\/2022\/03\/vivienda-1-scaled.jpeg\"><img loading=\"lazy\" decoding=\"async\" class=\"alignnone wp-image-7593\" src=\"https:\/\/agora.xtec.cat\/esc-stjordi-puigverdlleida\/wp-content\/uploads\/usu706\/2022\/03\/vivienda-1-1024x965.jpeg\" alt=\"\" width=\"449\" height=\"423\" srcset=\"https:\/\/agora.xtec.cat\/esc-stjordi-puigverdlleida\/wp-content\/uploads\/usu706\/2022\/03\/vivienda-1-1024x965.jpeg 1024w, https:\/\/agora.xtec.cat\/esc-stjordi-puigverdlleida\/wp-content\/uploads\/usu706\/2022\/03\/vivienda-1-300x283.jpeg 300w, https:\/\/agora.xtec.cat\/esc-stjordi-puigverdlleida\/wp-content\/uploads\/usu706\/2022\/03\/vivienda-1-768x724.jpeg 768w, https:\/\/agora.xtec.cat\/esc-stjordi-puigverdlleida\/wp-content\/uploads\/usu706\/2022\/03\/vivienda-1-1536x1447.jpeg 1536w, https:\/\/agora.xtec.cat\/esc-stjordi-puigverdlleida\/wp-content\/uploads\/usu706\/2022\/03\/vivienda-1-2048x1930.jpeg 2048w\" sizes=\"auto, (max-width: 449px) 100vw, 449px\" \/><\/a><\/p>\n<p>&nbsp;<\/p>\n<p><span style=\"color: #339966;\"><strong>2. HORT\u00a0 i\u00a0 JARD\u00cd :\u00a0 on conreem\u00a0 les verdures i les hortalisses<\/strong><\/span><\/p>\n<ul>\n<li>Hort ecol\u00f2gic : cultiu de verdures i hortalisses i herbes medicinals de temporada per autosufici\u00e8ncia\/\u00a0\u00a0 cooperativa de bescanvi<\/li>\n<li>Reg del jard\u00ed i l\u2019hort : gota\u00a0 a gota\u00a0 \/ aspersi\u00f3 cronometrada<\/li>\n<li>\u00das del compost com a adob<\/li>\n<li>Aprofitament de l\u2019embassament<\/li>\n<\/ul>\n<p><a href=\"https:\/\/agora.xtec.cat\/esc-stjordi-puigverdlleida\/wp-content\/uploads\/usu706\/2022\/03\/construccio-zardi.jpg\"><img loading=\"lazy\" decoding=\"async\" class=\"alignnone wp-image-7592\" src=\"https:\/\/agora.xtec.cat\/esc-stjordi-puigverdlleida\/wp-content\/uploads\/usu706\/2022\/03\/construccio-zardi.jpg\" alt=\"\" width=\"412\" height=\"309\" srcset=\"https:\/\/agora.xtec.cat\/esc-stjordi-puigverdlleida\/wp-content\/uploads\/usu706\/2022\/03\/construccio-zardi.jpg 977w, https:\/\/agora.xtec.cat\/esc-stjordi-puigverdlleida\/wp-content\/uploads\/usu706\/2022\/03\/construccio-zardi-300x225.jpg 300w, https:\/\/agora.xtec.cat\/esc-stjordi-puigverdlleida\/wp-content\/uploads\/usu706\/2022\/03\/construccio-zardi-768x576.jpg 768w, https:\/\/agora.xtec.cat\/esc-stjordi-puigverdlleida\/wp-content\/uploads\/usu706\/2022\/03\/construccio-zardi-200x150.jpg 200w\" sizes=\"auto, (max-width: 412px) 100vw, 412px\" \/><\/a><\/p>\n<p>&nbsp;<\/p>\n<p><span style=\"color: #800080;\"><strong>3. TRANSPORT : com ens mourem i viatjarem<\/strong><\/span><\/p>\n<ul>\n<li>\u00das del transport p\u00fablic<\/li>\n<li>\u00das de cotxe el\u00e8ctric<\/li>\n<li>\u00das de bicicleta i cooperatives de lloguer de bicicletes tipus \u00a0\u201cBICING\u201d.<\/li>\n<\/ul>\n<p>&nbsp;<\/p>\n<p><a href=\"https:\/\/agora.xtec.cat\/esc-stjordi-puigverdlleida\/wp-content\/uploads\/usu706\/2022\/03\/construqsio-transpor5t.jpg\"><img loading=\"lazy\" decoding=\"async\" class=\"alignnone wp-image-7594\" src=\"https:\/\/agora.xtec.cat\/esc-stjordi-puigverdlleida\/wp-content\/uploads\/usu706\/2022\/03\/construqsio-transpor5t.jpg\" alt=\"\" width=\"362\" height=\"272\" srcset=\"https:\/\/agora.xtec.cat\/esc-stjordi-puigverdlleida\/wp-content\/uploads\/usu706\/2022\/03\/construqsio-transpor5t.jpg 977w, https:\/\/agora.xtec.cat\/esc-stjordi-puigverdlleida\/wp-content\/uploads\/usu706\/2022\/03\/construqsio-transpor5t-300x225.jpg 300w, https:\/\/agora.xtec.cat\/esc-stjordi-puigverdlleida\/wp-content\/uploads\/usu706\/2022\/03\/construqsio-transpor5t-768x576.jpg 768w, https:\/\/agora.xtec.cat\/esc-stjordi-puigverdlleida\/wp-content\/uploads\/usu706\/2022\/03\/construqsio-transpor5t-200x150.jpg 200w\" sizes=\"auto, (max-width: 362px) 100vw, 362px\" \/><\/a><\/p>\n<p><span style=\"color: #ff6600;\"><strong>\u00a04. ZONA\u00a0 D&#8217;ESPORTS:\u00a0 com ens divertirem fent esport<\/strong><\/span><\/p>\n<p><strong>roc\u00f2drom \/ parkour \/ skate<\/strong><\/p>\n<p>&#8211; Us de materials de runa i paviment de cautx\u00fa reciclat .<\/p>\n<p>&#8211; Rodes de pneum\u00e0tics usades<\/p>\n<p>&#8211; Esport a l\u2019aire lliure, sense desgast i \u00fas de instal\u00b7lacions\u00a0 que suposin<\/p>\n<p>costos energ\u00e8tics o d\u2019aigua.<\/p>\n<p><a href=\"https:\/\/agora.xtec.cat\/esc-stjordi-puigverdlleida\/wp-content\/uploads\/usu706\/2022\/03\/construccio-esport-1.jpg\"><img loading=\"lazy\" decoding=\"async\" class=\"alignnone wp-image-7596\" src=\"https:\/\/agora.xtec.cat\/esc-stjordi-puigverdlleida\/wp-content\/uploads\/usu706\/2022\/03\/construccio-esport-1.jpg\" alt=\"\" width=\"377\" height=\"325\" srcset=\"https:\/\/agora.xtec.cat\/esc-stjordi-puigverdlleida\/wp-content\/uploads\/usu706\/2022\/03\/construccio-esport-1.jpg 849w, https:\/\/agora.xtec.cat\/esc-stjordi-puigverdlleida\/wp-content\/uploads\/usu706\/2022\/03\/construccio-esport-1-300x259.jpg 300w, https:\/\/agora.xtec.cat\/esc-stjordi-puigverdlleida\/wp-content\/uploads\/usu706\/2022\/03\/construccio-esport-1-768x662.jpg 768w\" sizes=\"auto, (max-width: 377px) 100vw, 377px\" \/><\/a><\/p>\n<p>&nbsp;<\/p>\n<p><span style=\"color: #ff00ff;\"><strong>5- Zona de\u00a0 \u00a0RESIDUS:\u00a0 com tractarem les nostres deixalles<\/strong><\/span><\/p>\n<ul>\n<li>Separaci\u00f3 de residus per a reciclatge<\/li>\n<li>Participaci\u00f3 responsable de Porta a porta<\/li>\n<li>Elaboraci\u00f3 de Compost a partir de la mat\u00e8ria org\u00e0nica<\/li>\n<\/ul>\n<p>&nbsp;<\/p>\n<ul>\n<li><a href=\"https:\/\/agora.xtec.cat\/esc-stjordi-puigverdlleida\/wp-content\/uploads\/usu706\/2022\/03\/construccio-resi9dus.jpg\"><img loading=\"lazy\" decoding=\"async\" class=\"alignnone wp-image-7597\" src=\"https:\/\/agora.xtec.cat\/esc-stjordi-puigverdlleida\/wp-content\/uploads\/usu706\/2022\/03\/construccio-resi9dus.jpg\" alt=\"\" width=\"353\" height=\"265\" srcset=\"https:\/\/agora.xtec.cat\/esc-stjordi-puigverdlleida\/wp-content\/uploads\/usu706\/2022\/03\/construccio-resi9dus.jpg 977w, https:\/\/agora.xtec.cat\/esc-stjordi-puigverdlleida\/wp-content\/uploads\/usu706\/2022\/03\/construccio-resi9dus-300x225.jpg 300w, https:\/\/agora.xtec.cat\/esc-stjordi-puigverdlleida\/wp-content\/uploads\/usu706\/2022\/03\/construccio-resi9dus-768x576.jpg 768w, https:\/\/agora.xtec.cat\/esc-stjordi-puigverdlleida\/wp-content\/uploads\/usu706\/2022\/03\/construccio-resi9dus-200x150.jpg 200w\" sizes=\"auto, (max-width: 353px) 100vw, 353px\" \/><\/a><\/li>\n<\/ul>\n<p>Per acabar el projecte\u00a0 han volgut compartir\u00a0 la seva\u00a0 PROPOSTA\u00a0 als alumnes de Cicle Inicial i Mitj\u00e0!<\/p>\n<p>Ha estat\u00a0 unes trobades molt enrIquidores, on hem pogut gaudir de les molts\u00a0 coneixements i experi\u00e8ncies que ja ten\u00edem sobre SOSTENIBILITAT I ECOLOGIA.<\/p>\n<p><a href=\"https:\/\/agora.xtec.cat\/esc-stjordi-puigverdlleida\/wp-content\/uploads\/usu706\/2022\/03\/IMG-20220303-WA0011.jpg\"><img loading=\"lazy\" decoding=\"async\" class=\"alignnone wp-image-7598\" src=\"https:\/\/agora.xtec.cat\/esc-stjordi-puigverdlleida\/wp-content\/uploads\/usu706\/2022\/03\/IMG-20220303-WA0011.jpg\" alt=\"\" width=\"419\" height=\"266\" srcset=\"https:\/\/agora.xtec.cat\/esc-stjordi-puigverdlleida\/wp-content\/uploads\/usu706\/2022\/03\/IMG-20220303-WA0011.jpg 822w, https:\/\/agora.xtec.cat\/esc-stjordi-puigverdlleida\/wp-content\/uploads\/usu706\/2022\/03\/IMG-20220303-WA0011-300x191.jpg 300w, https:\/\/agora.xtec.cat\/esc-stjordi-puigverdlleida\/wp-content\/uploads\/usu706\/2022\/03\/IMG-20220303-WA0011-768x488.jpg 768w\" sizes=\"auto, (max-width: 419px) 100vw, 419px\" \/><\/a><\/p>\n<p><a href=\"https:\/\/agora.xtec.cat\/esc-stjordi-puigverdlleida\/wp-content\/uploads\/usu706\/2022\/03\/IMG-20220303-WA0014.jpg\"><img loading=\"lazy\" decoding=\"async\" class=\"alignnone wp-image-7599\" src=\"https:\/\/agora.xtec.cat\/esc-stjordi-puigverdlleida\/wp-content\/uploads\/usu706\/2022\/03\/IMG-20220303-WA0014-1024x576.jpg\" alt=\"\" width=\"414\" height=\"233\" srcset=\"https:\/\/agora.xtec.cat\/esc-stjordi-puigverdlleida\/wp-content\/uploads\/usu706\/2022\/03\/IMG-20220303-WA0014-1024x576.jpg 1024w, https:\/\/agora.xtec.cat\/esc-stjordi-puigverdlleida\/wp-content\/uploads\/usu706\/2022\/03\/IMG-20220303-WA0014-300x169.jpg 300w, https:\/\/agora.xtec.cat\/esc-stjordi-puigverdlleida\/wp-content\/uploads\/usu706\/2022\/03\/IMG-20220303-WA0014-768x432.jpg 768w, https:\/\/agora.xtec.cat\/esc-stjordi-puigverdlleida\/wp-content\/uploads\/usu706\/2022\/03\/IMG-20220303-WA0014.jpg 1280w\" sizes=\"auto, (max-width: 414px) 100vw, 414px\" \/><\/a><\/p>\n<p>Cliqueu\u00a0 a l&#8217;enlla\u00e7\u00a0 per veure les imatges\u00a0 i els v\u00eddeos de les exposicions orals :<\/p>\n<p><a href=\"https:\/\/photos.app.goo.gl\/VXD8WrP79UG8SFA69\">https:\/\/photos.app.goo.gl\/VXD8WrP79UG8SFA69<\/a><\/p>\n<p>&nbsp;<\/p>\n","protected":false},"excerpt":{"rendered":"<p>Per qu\u00e8?<br \/>\n&#8211; per a garantir el recursos per a les generacions futures\u00a0 tot practicant una comportament basat en les\u00a0 3 R ( REDUIR el consum i els residus,\u00a0 REUTILITZAR , RECICLAR )<br \/>\n&#8211; per a\u00a0 frenar els efectes devastadors del canvi clim\u00e0tic \u00a0( esclafament de l\u2019atmosfera)&hellip;  <a href=\"https:\/\/agora.xtec.cat\/esc-stjordi-puigverdlleida\/general\/projecte-la-casa-del-nostre-futur\/\" title=\"Read Projecte &#8220;La casa del nostre futur&#8221;\">Llegeix m\u00e9s\u00bb<\/a><\/p>\n","protected":false},"author":26,"featured_media":7600,"comment_status":"open","ping_status":"closed","sticky":false,"template":"","format":"standard","meta":{"_bbp_topic_count":0,"_bbp_reply_count":0,"_bbp_total_topic_count":0,"_bbp_total_reply_count":0,"_bbp_voice_count":0,"_bbp_anonymous_reply_count":0,"_bbp_topic_count_hidden":0,"_bbp_reply_count_hidden":0,"_bbp_forum_subforum_count":0,"footnotes":""},"categories":[79,80,78,71,1],"tags":[],"class_list":["post-7583","post","type-post","status-publish","format-standard","has-post-thumbnail","hentry","category-5e","category-6e","category-cs","category-primaria","category-general"],"post_mailing_queue_ids":[],"_links":{"self":[{"href":"https:\/\/agora.xtec.cat\/esc-stjordi-puigverdlleida\/wp-json\/wp\/v2\/posts\/7583","targetHints":{"allow":["GET"]}}],"collection":[{"href":"https:\/\/agora.xtec.cat\/esc-stjordi-puigverdlleida\/wp-json\/wp\/v2\/posts"}],"about":[{"href":"https:\/\/agora.xtec.cat\/esc-stjordi-puigverdlleida\/wp-json\/wp\/v2\/types\/post"}],"author":[{"embeddable":true,"href":"https:\/\/agora.xtec.cat\/esc-stjordi-puigverdlleida\/wp-json\/wp\/v2\/users\/26"}],"replies":[{"embeddable":true,"href":"https:\/\/agora.xtec.cat\/esc-stjordi-puigverdlleida\/wp-json\/wp\/v2\/comments?post=7583"}],"version-history":[{"count":3,"href":"https:\/\/agora.xtec.cat\/esc-stjordi-puigverdlleida\/wp-json\/wp\/v2\/posts\/7583\/revisions"}],"predecessor-version":[{"id":7607,"href":"https:\/\/agora.xtec.cat\/esc-stjordi-puigverdlleida\/wp-json\/wp\/v2\/posts\/7583\/revisions\/7607"}],"wp:featuredmedia":[{"embeddable":true,"href":"https:\/\/agora.xtec.cat\/esc-stjordi-puigverdlleida\/wp-json\/wp\/v2\/media\/7600"}],"wp:attachment":[{"href":"https:\/\/agora.xtec.cat\/esc-stjordi-puigverdlleida\/wp-json\/wp\/v2\/media?parent=7583"}],"wp:term":[{"taxonomy":"category","embeddable":true,"href":"https:\/\/agora.xtec.cat\/esc-stjordi-puigverdlleida\/wp-json\/wp\/v2\/categories?post=7583"},{"taxonomy":"post_tag","embeddable":true,"href":"https:\/\/agora.xtec.cat\/esc-stjordi-puigverdlleida\/wp-json\/wp\/v2\/tags?post=7583"}],"curies":[{"name":"wp","href":"https:\/\/api.w.org\/{rel}","templated":true}]}}