{"id":6212,"date":"2021-02-20T11:05:11","date_gmt":"2021-02-20T10:05:11","guid":{"rendered":"http:\/\/agora.xtec.cat\/esc-stjordi-puigverdlleida\/?p=6212"},"modified":"2021-02-20T11:33:43","modified_gmt":"2021-02-20T10:33:43","slug":"sortida-al-camp-daprenentatge","status":"publish","type":"post","link":"https:\/\/agora.xtec.cat\/esc-stjordi-puigverdlleida\/general\/sortida-al-camp-daprenentatge\/","title":{"rendered":"SORTIDA AL CAMP D&#8217;APRENENTATGE"},"content":{"rendered":"<h2 style=\"text-align: center\"><\/h2>\n<h1 style=\"text-align: center\"><span style=\"color: #339966\">EL BOSC ANIMAT<\/span><\/h1>\n<h2 style=\"text-align: center\"><span style=\"color: #339966\"><a href=\"https:\/\/photos.app.goo.gl\/zw66ETQShU7EqNrr7\"><img loading=\"lazy\" decoding=\"async\" class=\" wp-image-6218 aligncenter\" src=\"https:\/\/agora.xtec.cat\/esc-stjordi-puigverdlleida\/wp-content\/uploads\/usu706\/2021\/02\/IMG_20210219_124917_378.jpg\" alt=\"\" width=\"664\" height=\"499\" srcset=\"https:\/\/agora.xtec.cat\/esc-stjordi-puigverdlleida\/wp-content\/uploads\/usu706\/2021\/02\/IMG_20210219_124917_378.jpg 800w, https:\/\/agora.xtec.cat\/esc-stjordi-puigverdlleida\/wp-content\/uploads\/usu706\/2021\/02\/IMG_20210219_124917_378-300x225.jpg 300w, https:\/\/agora.xtec.cat\/esc-stjordi-puigverdlleida\/wp-content\/uploads\/usu706\/2021\/02\/IMG_20210219_124917_378-768x576.jpg 768w, https:\/\/agora.xtec.cat\/esc-stjordi-puigverdlleida\/wp-content\/uploads\/usu706\/2021\/02\/IMG_20210219_124917_378-200x150.jpg 200w\" sizes=\"auto, (max-width: 664px) 100vw, 664px\" \/><\/a><br \/>\n<\/span><\/h2>\n<h3 style=\"text-align: center\">En aquesta sortida hem gaudit d&#8217;un dia fant\u00e0stic al bosc despr\u00e8s de moltes setmanes de confinament. Solament per aix\u00f2 hem estat molt contents. Caminar per la natura, sentint els ocells, mirant plantes, respirar l&#8217;aire del bosc i veure l&#8217;immens l&#8217;horitz\u00f3 en un entorn magn\u00edfic&#8230;<\/h3>\n<p><a href=\"https:\/\/agora.xtec.cat\/esc-stjordi-puigverdlleida\/wp-content\/uploads\/usu706\/2021\/02\/IMG_20210219_115246_501.jpg\"><img loading=\"lazy\" decoding=\"async\" class=\"alignnone size-large wp-image-6213\" src=\"https:\/\/agora.xtec.cat\/esc-stjordi-puigverdlleida\/wp-content\/uploads\/usu706\/2021\/02\/IMG_20210219_115246_501-768x1024.jpg\" alt=\"\" width=\"768\" height=\"1024\" srcset=\"https:\/\/agora.xtec.cat\/esc-stjordi-puigverdlleida\/wp-content\/uploads\/usu706\/2021\/02\/IMG_20210219_115246_501-768x1024.jpg 768w, https:\/\/agora.xtec.cat\/esc-stjordi-puigverdlleida\/wp-content\/uploads\/usu706\/2021\/02\/IMG_20210219_115246_501-225x300.jpg 225w\" sizes=\"auto, (max-width: 768px) 100vw, 768px\" \/><\/a><\/p>\n<h3><span style=\"color: #339966\">Ha estat un dia moooool profit\u00f3s de conviv\u00e8ncia i aprenentatges.<\/span><\/h3>\n<h3><span style=\"color: #339966\">De bon mat\u00ed hem anat al bosc on hem passat tot el dia fent activitats.<\/span><\/h3>\n<p>&nbsp;<\/p>\n<h3 style=\"text-align: center\"><span style=\"color: #00ff00\">En aquest enlla\u00e7 hi teniu m\u00e9s fotos!<\/span><\/h3>\n<h3 style=\"text-align: center\"><span style=\"color: #00ff00\"><a style=\"color: #00ff00\" href=\"https:\/\/photos.app.goo.gl\/zw66ETQShU7EqNrr7\">https:\/\/photos.app.goo.gl\/zw66ETQShU7EqNrr7<\/a><\/span><\/h3>\n<p><strong><span style=\"color: #444444\"><span style=\"font-family: Comic Sans MS, cursive\"><span style=\"font-size: medium\"><span lang=\"ca-ES\"><b>TREBALL DE CAMP<\/b><\/span><\/span><\/span><\/span><\/strong><\/p>\n<ul>\n<li style=\"list-style-type: none\">\n<ul>\n<li>\n<p lang=\"ca-ES\"><span style=\"color: #444444\"><span style=\"font-family: Comic Sans MS, cursive\"><span style=\"font-size: medium\">Observaci\u00f3 i detecci\u00f3 dels \u00f2rgans de l\u2019alzina.<\/span><\/span><\/span><\/p>\n<\/li>\n<li>\n<p lang=\"ca-ES\"><span style=\"color: #444444\"><span style=\"font-family: Comic Sans MS, cursive\"><span style=\"font-size: medium\">Detecci\u00f3 de mam\u00edfers a partir dels seus rastres.<\/span><\/span><\/span><\/p>\n<\/li>\n<li>\n<p lang=\"ca-ES\"><span style=\"color: #444444\"><span style=\"font-family: Comic Sans MS, cursive\"><span style=\"font-size: medium\">Deducci\u00f3 de les adaptacions de les plantes al medi on viuen.<\/span><\/span><\/span><\/p>\n<\/li>\n<li>\n<p lang=\"ca-ES\"><span style=\"color: #444444\"><span style=\"font-family: Comic Sans MS, cursive\"><span style=\"font-size: medium\">Reflexi\u00f3 sobre la funci\u00f3 dels \u00f2rgans de les plantes.<\/span><\/span><\/span><\/p>\n<\/li>\n<li>\n<p lang=\"ca-ES\"><span style=\"color: #444444\"><span style=\"font-family: Comic Sans MS, cursive\"><span style=\"font-size: medium\">Introducci\u00f3 pr\u00e0ctica a la dispersi\u00f3 de llavors.<\/span><\/span><\/span><\/p>\n<\/li>\n<li>\n<p lang=\"ca-ES\"><span style=\"color: #444444\"><span style=\"font-family: Comic Sans MS, cursive\"><span style=\"font-size: medium\">Introducci\u00f3 pr\u00e0ctica a la geologia: Roques i minerals.<\/span><\/span><\/span><\/p>\n<\/li>\n<li><span style=\"color: #444444\"><span style=\"font-family: Comic Sans MS, cursive\"><span style=\"font-size: medium\">Utilitzaci\u00f3 d\u2019eines com la br\u00fajula, pinces, martell de ge\u00f2leg, lupa.<\/span><\/span><\/span><\/li>\n<\/ul>\n<\/li>\n<\/ul>\n<h2><a href=\"https:\/\/agora.xtec.cat\/esc-stjordi-puigverdlleida\/wp-content\/uploads\/usu706\/2021\/02\/IMG_20210219_101835_229.jpg\"><img loading=\"lazy\" decoding=\"async\" class=\"size-large wp-image-6214 aligncenter\" src=\"https:\/\/agora.xtec.cat\/esc-stjordi-puigverdlleida\/wp-content\/uploads\/usu706\/2021\/02\/IMG_20210219_101835_229-1024x768.jpg\" alt=\"\" width=\"1024\" height=\"768\" srcset=\"https:\/\/agora.xtec.cat\/esc-stjordi-puigverdlleida\/wp-content\/uploads\/usu706\/2021\/02\/IMG_20210219_101835_229-1024x768.jpg 1024w, https:\/\/agora.xtec.cat\/esc-stjordi-puigverdlleida\/wp-content\/uploads\/usu706\/2021\/02\/IMG_20210219_101835_229-300x225.jpg 300w, https:\/\/agora.xtec.cat\/esc-stjordi-puigverdlleida\/wp-content\/uploads\/usu706\/2021\/02\/IMG_20210219_101835_229-768x576.jpg 768w, https:\/\/agora.xtec.cat\/esc-stjordi-puigverdlleida\/wp-content\/uploads\/usu706\/2021\/02\/IMG_20210219_101835_229-200x150.jpg 200w\" sizes=\"auto, (max-width: 1024px) 100vw, 1024px\" \/><\/a><\/h2>\n<h2 style=\"text-align: center\">Dispersi\u00f3 de llavors per l&#8217;aire<\/h2>\n<p>&nbsp;<\/p>\n<ul>\n<li style=\"list-style-type: none\">\n<h2 style=\"text-align: center\"><a href=\"https:\/\/agora.xtec.cat\/esc-stjordi-puigverdlleida\/wp-content\/uploads\/usu706\/2021\/02\/IMG_20210219_123600_547.jpg\"><img loading=\"lazy\" decoding=\"async\" class=\"alignnone size-full wp-image-6224\" src=\"https:\/\/agora.xtec.cat\/esc-stjordi-puigverdlleida\/wp-content\/uploads\/usu706\/2021\/02\/IMG_20210219_123600_547.jpg\" alt=\"\" width=\"336\" height=\"448\" srcset=\"https:\/\/agora.xtec.cat\/esc-stjordi-puigverdlleida\/wp-content\/uploads\/usu706\/2021\/02\/IMG_20210219_123600_547.jpg 336w, https:\/\/agora.xtec.cat\/esc-stjordi-puigverdlleida\/wp-content\/uploads\/usu706\/2021\/02\/IMG_20210219_123600_547-225x300.jpg 225w\" sizes=\"auto, (max-width: 336px) 100vw, 336px\" \/><\/a><\/h2>\n<\/li>\n<\/ul>\n<h3>Quina bona olor la tarongina de bosc!<\/h3>\n<h3>Hem apr\u00e8s noms de plantes que hem anat veient: alzina, esbarzer, tarongina, lleteresa, argelaga&#8230;<\/h3>\n<p>&nbsp;<\/p>\n<p>&nbsp;<\/p>\n<p><img loading=\"lazy\" decoding=\"async\" class=\"size-full wp-image-6225 aligncenter\" src=\"https:\/\/agora.xtec.cat\/esc-stjordi-puigverdlleida\/wp-content\/uploads\/usu706\/2021\/02\/IMG_20210219_120727_342.jpg\" alt=\"\" width=\"336\" height=\"448\" srcset=\"https:\/\/agora.xtec.cat\/esc-stjordi-puigverdlleida\/wp-content\/uploads\/usu706\/2021\/02\/IMG_20210219_120727_342.jpg 336w, https:\/\/agora.xtec.cat\/esc-stjordi-puigverdlleida\/wp-content\/uploads\/usu706\/2021\/02\/IMG_20210219_120727_342-225x300.jpg 225w\" sizes=\"auto, (max-width: 336px) 100vw, 336px\" \/><\/p>\n<h3>RASTRES\u00a0 de mam\u00edfers! per aqu\u00ed ha passat un esquirol i hi ha els excrements d&#8217;un mam\u00edfer carn\u00edvor&#8230;una guineu! tamb\u00e9 hem vist el seu cau.<\/h3>\n<p>&nbsp;<\/p>\n<h2>I ara GEOLOGIA:<\/h2>\n<h2>Hem reconegut la pissarra, la pirita, el quars&#8230;<\/h2>\n<p><a href=\"https:\/\/agora.xtec.cat\/esc-stjordi-puigverdlleida\/wp-content\/uploads\/usu706\/2021\/02\/IMG_20210219_154742_706.jpg\"><img loading=\"lazy\" decoding=\"async\" class=\"size-full wp-image-6226 aligncenter\" src=\"https:\/\/agora.xtec.cat\/esc-stjordi-puigverdlleida\/wp-content\/uploads\/usu706\/2021\/02\/IMG_20210219_154742_706.jpg\" alt=\"\" width=\"409\" height=\"336\" srcset=\"https:\/\/agora.xtec.cat\/esc-stjordi-puigverdlleida\/wp-content\/uploads\/usu706\/2021\/02\/IMG_20210219_154742_706.jpg 409w, https:\/\/agora.xtec.cat\/esc-stjordi-puigverdlleida\/wp-content\/uploads\/usu706\/2021\/02\/IMG_20210219_154742_706-300x246.jpg 300w\" sizes=\"auto, (max-width: 409px) 100vw, 409px\" \/><\/a><\/p>\n<h2>El quars ratlla el vidre! la pissarra es parteix en l\u00e0mines amb el martell! Amb la lupa hem vist com brilla la pirita.<\/h2>\n<p><a href=\"https:\/\/agora.xtec.cat\/esc-stjordi-puigverdlleida\/wp-content\/uploads\/usu706\/2021\/02\/IMG_20210219_152732_818.jpg\"><img loading=\"lazy\" decoding=\"async\" class=\"size-full wp-image-6227 aligncenter\" src=\"https:\/\/agora.xtec.cat\/esc-stjordi-puigverdlleida\/wp-content\/uploads\/usu706\/2021\/02\/IMG_20210219_152732_818.jpg\" alt=\"\" width=\"448\" height=\"336\" srcset=\"https:\/\/agora.xtec.cat\/esc-stjordi-puigverdlleida\/wp-content\/uploads\/usu706\/2021\/02\/IMG_20210219_152732_818.jpg 448w, https:\/\/agora.xtec.cat\/esc-stjordi-puigverdlleida\/wp-content\/uploads\/usu706\/2021\/02\/IMG_20210219_152732_818-300x225.jpg 300w, https:\/\/agora.xtec.cat\/esc-stjordi-puigverdlleida\/wp-content\/uploads\/usu706\/2021\/02\/IMG_20210219_152732_818-200x150.jpg 200w\" sizes=\"auto, (max-width: 448px) 100vw, 448px\" \/><\/a><\/p>\n<p>&nbsp;<\/p>\n<p>&nbsp;<\/p>\n<p style=\"text-align: center\"><a href=\"https:\/\/agora.xtec.cat\/esc-stjordi-puigverdlleida\/wp-content\/uploads\/usu706\/2021\/02\/IMG_20210219_142318_501.jpg\"><img loading=\"lazy\" decoding=\"async\" class=\"size-full wp-image-6228 aligncenter\" src=\"https:\/\/agora.xtec.cat\/esc-stjordi-puigverdlleida\/wp-content\/uploads\/usu706\/2021\/02\/IMG_20210219_142318_501.jpg\" alt=\"\" width=\"448\" height=\"336\" srcset=\"https:\/\/agora.xtec.cat\/esc-stjordi-puigverdlleida\/wp-content\/uploads\/usu706\/2021\/02\/IMG_20210219_142318_501.jpg 448w, https:\/\/agora.xtec.cat\/esc-stjordi-puigverdlleida\/wp-content\/uploads\/usu706\/2021\/02\/IMG_20210219_142318_501-300x225.jpg 300w, https:\/\/agora.xtec.cat\/esc-stjordi-puigverdlleida\/wp-content\/uploads\/usu706\/2021\/02\/IMG_20210219_142318_501-200x150.jpg 200w\" sizes=\"auto, (max-width: 448px) 100vw, 448px\" \/><\/a><\/p>\n<p style=\"text-align: center\">UN DIA PRECI\u00d3S AMB EL M\u00d3N ALS NOSTRES PEUS \ud83d\ude09<\/p>\n","protected":false},"excerpt":{"rendered":"<p>EL BOSC ANIMAT<br \/>\n<a href=\"https:\/\/photos.app.goo.gl\/zw66ETQShU7EqNrr7\"><\/a><\/p>\n<p>En aquesta sortida hem gaudit d&#8217;un dia fant\u00e0stic al bosc despr\u00e8s de moltes setmanes de confinament. Solament per aix\u00f2 hem estat molt contents. Caminar per la natura, sentint els ocells, mirant plantes, respirar l&#8217;aire del bosc i veure l&#8217;immens l&#8217;horitz\u00f3 en un&hellip;  <a href=\"https:\/\/agora.xtec.cat\/esc-stjordi-puigverdlleida\/general\/sortida-al-camp-daprenentatge\/\" title=\"Read SORTIDA AL CAMP D&#8217;APRENENTATGE\">Llegeix m\u00e9s\u00bb<\/a><\/p>\n","protected":false},"author":22,"featured_media":6218,"comment_status":"open","ping_status":"closed","sticky":false,"template":"","format":"standard","meta":{"_bbp_topic_count":0,"_bbp_reply_count":0,"_bbp_total_topic_count":0,"_bbp_total_reply_count":0,"_bbp_voice_count":0,"_bbp_anonymous_reply_count":0,"_bbp_topic_count_hidden":0,"_bbp_reply_count_hidden":0,"_bbp_forum_subforum_count":0,"footnotes":""},"categories":[79,78,1,85],"tags":[],"class_list":["post-6212","post","type-post","status-publish","format-standard","has-post-thumbnail","hentry","category-5e","category-cs","category-general","category-sortides"],"post_mailing_queue_ids":[],"_links":{"self":[{"href":"https:\/\/agora.xtec.cat\/esc-stjordi-puigverdlleida\/wp-json\/wp\/v2\/posts\/6212","targetHints":{"allow":["GET"]}}],"collection":[{"href":"https:\/\/agora.xtec.cat\/esc-stjordi-puigverdlleida\/wp-json\/wp\/v2\/posts"}],"about":[{"href":"https:\/\/agora.xtec.cat\/esc-stjordi-puigverdlleida\/wp-json\/wp\/v2\/types\/post"}],"author":[{"embeddable":true,"href":"https:\/\/agora.xtec.cat\/esc-stjordi-puigverdlleida\/wp-json\/wp\/v2\/users\/22"}],"replies":[{"embeddable":true,"href":"https:\/\/agora.xtec.cat\/esc-stjordi-puigverdlleida\/wp-json\/wp\/v2\/comments?post=6212"}],"version-history":[{"count":3,"href":"https:\/\/agora.xtec.cat\/esc-stjordi-puigverdlleida\/wp-json\/wp\/v2\/posts\/6212\/revisions"}],"predecessor-version":[{"id":6231,"href":"https:\/\/agora.xtec.cat\/esc-stjordi-puigverdlleida\/wp-json\/wp\/v2\/posts\/6212\/revisions\/6231"}],"wp:featuredmedia":[{"embeddable":true,"href":"https:\/\/agora.xtec.cat\/esc-stjordi-puigverdlleida\/wp-json\/wp\/v2\/media\/6218"}],"wp:attachment":[{"href":"https:\/\/agora.xtec.cat\/esc-stjordi-puigverdlleida\/wp-json\/wp\/v2\/media?parent=6212"}],"wp:term":[{"taxonomy":"category","embeddable":true,"href":"https:\/\/agora.xtec.cat\/esc-stjordi-puigverdlleida\/wp-json\/wp\/v2\/categories?post=6212"},{"taxonomy":"post_tag","embeddable":true,"href":"https:\/\/agora.xtec.cat\/esc-stjordi-puigverdlleida\/wp-json\/wp\/v2\/tags?post=6212"}],"curies":[{"name":"wp","href":"https:\/\/api.w.org\/{rel}","templated":true}]}}