{"id":11432,"date":"2026-04-23T10:10:02","date_gmt":"2026-04-23T08:10:02","guid":{"rendered":"https:\/\/agora.xtec.cat\/esc-stjordi-puigverdlleida\/?p=11432"},"modified":"2026-04-23T10:10:02","modified_gmt":"2026-04-23T08:10:02","slug":"festa-de-sant-jordi-paraules-danses-i-un-drac-diferent-%f0%9f%8c%b9%f0%9f%93%9a","status":"publish","type":"post","link":"https:\/\/agora.xtec.cat\/esc-stjordi-puigverdlleida\/general\/festa-de-sant-jordi-paraules-danses-i-un-drac-diferent-%f0%9f%8c%b9%f0%9f%93%9a\/","title":{"rendered":"Festa de Sant Jordi: paraules, danses i un drac diferent \ud83c\udf39\ud83d\udcda"},"content":{"rendered":"<p data-pm-slice=\"1 1 []\">Amb motiu de la diada de Sant Jordi, a l\u2019escola hem celebrat el 18\u00e8 Certamen Literari, una jornada molt especial plena de creativitat i emocions.<\/p>\n<p>Aquest any, l\u2019alumnat ha creat cal\u00b7ligrames, jugant amb les paraules i les formes per expressar idees d\u2019una manera diferent i molt original.<\/p>\n<p><a href=\"https:\/\/agora.xtec.cat\/esc-stjordi-puigverdlleida\/wp-content\/uploads\/usu706\/2026\/04\/Captura-de-pantalla-2026-04-22-234043.png\"><img loading=\"lazy\" decoding=\"async\" class=\"aligncenter wp-image-11437\" src=\"https:\/\/agora.xtec.cat\/esc-stjordi-puigverdlleida\/wp-content\/uploads\/usu706\/2026\/04\/Captura-de-pantalla-2026-04-22-234043-300x131.png\" alt=\"\" width=\"556\" height=\"243\" srcset=\"https:\/\/agora.xtec.cat\/esc-stjordi-puigverdlleida\/wp-content\/uploads\/usu706\/2026\/04\/Captura-de-pantalla-2026-04-22-234043-300x131.png 300w, https:\/\/agora.xtec.cat\/esc-stjordi-puigverdlleida\/wp-content\/uploads\/usu706\/2026\/04\/Captura-de-pantalla-2026-04-22-234043-768x335.png 768w, https:\/\/agora.xtec.cat\/esc-stjordi-puigverdlleida\/wp-content\/uploads\/usu706\/2026\/04\/Captura-de-pantalla-2026-04-22-234043.png 1022w\" sizes=\"auto, (max-width: 556px) 100vw, 556px\" \/><\/a><\/p>\n<p>La celebraci\u00f3 tamb\u00e9 ha comptat amb unes danses molt originals, preparades amb molta dedicaci\u00f3 i esfor\u00e7 per part de l\u2019alumnat, que han omplert l\u2019acte de ritme i alegria. Es notava tot el treball que hi havia al darrere!<\/p>\n<p>Un dels moments m\u00e9s destacats ha estat la representaci\u00f3 de la llegenda de sant Jordi, condu\u00efda per l\u2019alumnat de sis\u00e8, que ha encarnat els personatges amb una gran actuaci\u00f3 i expressivitat.<\/p>\n<p>En aquesta versi\u00f3 de la hist\u00f2ria, el drac no era nom\u00e9s un \u00e9sser extern, sin\u00f3 que representava les emocions que tots portem a dins: la r\u00e0bia, la por, la frustraci\u00f3\u2026 Per aix\u00f2, Sant Jordi no apareix amb una llan\u00e7a, sin\u00f3 amb un llibre, s\u00edmbol del coneixement, la imaginaci\u00f3 i la capacitat de comprendre\u2019ns millor i descobrir nous mons.<\/p>\n<p>Ha estat una celebraci\u00f3 molt especial, d\u2019aquelles que es viuen i es recorden. \ud83c\udf39\ud83d\udcda<\/p>\n<p><a href=\"https:\/\/agora.xtec.cat\/esc-stjordi-puigverdlleida\/wp-content\/uploads\/usu706\/2026\/04\/Captura-de-pantalla-2026-04-22-220426.png\"><img loading=\"lazy\" decoding=\"async\" class=\"aligncenter wp-image-11436\" src=\"https:\/\/agora.xtec.cat\/esc-stjordi-puigverdlleida\/wp-content\/uploads\/usu706\/2026\/04\/Captura-de-pantalla-2026-04-22-220426-300x219.png\" alt=\"\" width=\"399\" height=\"291\" srcset=\"https:\/\/agora.xtec.cat\/esc-stjordi-puigverdlleida\/wp-content\/uploads\/usu706\/2026\/04\/Captura-de-pantalla-2026-04-22-220426-300x219.png 300w, https:\/\/agora.xtec.cat\/esc-stjordi-puigverdlleida\/wp-content\/uploads\/usu706\/2026\/04\/Captura-de-pantalla-2026-04-22-220426.png 620w\" sizes=\"auto, (max-width: 399px) 100vw, 399px\" \/><\/a><\/p>\n<h4><a href=\"https:\/\/drive.google.com\/drive\/folders\/1ncsDsNSQwlYccvg1xH8Q22f6jcTlBz8F?usp=drive_link\">F O T O S<\/a><\/h4>\n","protected":false},"excerpt":{"rendered":"<p>Amb motiu de la diada de Sant Jordi, a l\u2019escola hem celebrat el 18\u00e8 Certamen Literari, una jornada molt especial plena de creativitat i emocions.<br \/>\nAquest any, l\u2019alumnat ha creat cal\u00b7ligrames, jugant amb les paraules i les formes per expressar idees d\u2019una manera diferent i molt&hellip;  <a href=\"https:\/\/agora.xtec.cat\/esc-stjordi-puigverdlleida\/general\/festa-de-sant-jordi-paraules-danses-i-un-drac-diferent-%f0%9f%8c%b9%f0%9f%93%9a\/\" title=\"Read Festa de Sant Jordi: paraules, danses i un drac diferent \ud83c\udf39\ud83d\udcda\">Llegeix m\u00e9s\u00bb<\/a><\/p>\n","protected":false},"author":39,"featured_media":11434,"comment_status":"open","ping_status":"open","sticky":false,"template":"","format":"standard","meta":{"_bbp_topic_count":0,"_bbp_reply_count":0,"_bbp_total_topic_count":0,"_bbp_total_reply_count":0,"_bbp_voice_count":0,"_bbp_anonymous_reply_count":0,"_bbp_topic_count_hidden":0,"_bbp_reply_count_hidden":0,"_bbp_forum_subforum_count":0,"footnotes":""},"categories":[73,74,76,77,79,80,72,75,78,67,71,86,1,68,69,70,83,110],"tags":[],"class_list":["post-11432","post","type-post","status-publish","format-standard","has-post-thumbnail","hentry","category-1r","category-2n","category-3r","category-4t","category-5e","category-6e","category-ci","category-cm","category-cs","category-infantil","category-primaria","category-festes","category-general","category-i3","category-i4","category-i5","category-musica","category-portada"],"post_mailing_queue_ids":[],"_links":{"self":[{"href":"https:\/\/agora.xtec.cat\/esc-stjordi-puigverdlleida\/wp-json\/wp\/v2\/posts\/11432","targetHints":{"allow":["GET"]}}],"collection":[{"href":"https:\/\/agora.xtec.cat\/esc-stjordi-puigverdlleida\/wp-json\/wp\/v2\/posts"}],"about":[{"href":"https:\/\/agora.xtec.cat\/esc-stjordi-puigverdlleida\/wp-json\/wp\/v2\/types\/post"}],"author":[{"embeddable":true,"href":"https:\/\/agora.xtec.cat\/esc-stjordi-puigverdlleida\/wp-json\/wp\/v2\/users\/39"}],"replies":[{"embeddable":true,"href":"https:\/\/agora.xtec.cat\/esc-stjordi-puigverdlleida\/wp-json\/wp\/v2\/comments?post=11432"}],"version-history":[{"count":4,"href":"https:\/\/agora.xtec.cat\/esc-stjordi-puigverdlleida\/wp-json\/wp\/v2\/posts\/11432\/revisions"}],"predecessor-version":[{"id":11440,"href":"https:\/\/agora.xtec.cat\/esc-stjordi-puigverdlleida\/wp-json\/wp\/v2\/posts\/11432\/revisions\/11440"}],"wp:featuredmedia":[{"embeddable":true,"href":"https:\/\/agora.xtec.cat\/esc-stjordi-puigverdlleida\/wp-json\/wp\/v2\/media\/11434"}],"wp:attachment":[{"href":"https:\/\/agora.xtec.cat\/esc-stjordi-puigverdlleida\/wp-json\/wp\/v2\/media?parent=11432"}],"wp:term":[{"taxonomy":"category","embeddable":true,"href":"https:\/\/agora.xtec.cat\/esc-stjordi-puigverdlleida\/wp-json\/wp\/v2\/categories?post=11432"},{"taxonomy":"post_tag","embeddable":true,"href":"https:\/\/agora.xtec.cat\/esc-stjordi-puigverdlleida\/wp-json\/wp\/v2\/tags?post=11432"}],"curies":[{"name":"wp","href":"https:\/\/api.w.org\/{rel}","templated":true}]}}