{"id":732,"date":"2025-08-15T13:45:58","date_gmt":"2025-08-15T11:45:58","guid":{"rendered":"https:\/\/agora.xtec.cat\/esc-solerdevilardell\/?p=732"},"modified":"2026-08-26T10:59:34","modified_gmt":"2026-08-26T08:59:34","slug":"calendari-2025-2026","status":"publish","type":"post","link":"https:\/\/agora.xtec.cat\/esc-solerdevilardell\/general\/calendari-2025-2026\/","title":{"rendered":"Calendari 2026-2027"},"content":{"rendered":"\n<figure class=\"wp-block-image size-large\"><a href=\"https:\/\/agora.xtec.cat\/esc-solerdevilardell\/wp-content\/uploads\/usu3592\/2026\/08\/Calendari-families-26-27.pdf\"><img loading=\"lazy\" decoding=\"async\" width=\"1024\" height=\"731\" src=\"https:\/\/agora.xtec.cat\/esc-solerdevilardell\/wp-content\/uploads\/usu3592\/2025\/08\/image-1024x731.png\" alt=\"\" class=\"wp-image-1241\" srcset=\"https:\/\/agora.xtec.cat\/esc-solerdevilardell\/wp-content\/uploads\/usu3592\/2025\/08\/image-1024x731.png 1024w, https:\/\/agora.xtec.cat\/esc-solerdevilardell\/wp-content\/uploads\/usu3592\/2025\/08\/image-300x214.png 300w, https:\/\/agora.xtec.cat\/esc-solerdevilardell\/wp-content\/uploads\/usu3592\/2025\/08\/image-768x549.png 768w, https:\/\/agora.xtec.cat\/esc-solerdevilardell\/wp-content\/uploads\/usu3592\/2025\/08\/image.png 1260w\" sizes=\"auto, (max-width: 1024px) 100vw, 1024px\" \/><\/a><\/figure>\n\n\n\n<ul class=\"wp-block-list\">\n<li><strong>Inici i fi de curs:<\/strong><\/li>\n<\/ul>\n\n\n\n<p>&#8211; 8 de setembre INICI DE CURS<br>&#8211; 21 de juny FI DE CURS<br><\/p>\n\n\n\n<ul class=\"wp-block-list\">\n<li><strong>Vacances de Nadal:<\/strong><\/li>\n<\/ul>\n\n\n\n<p>Del 22 de desembre de 2026 al 7 de gener de 2027, ambd\u00f3s inclosos<br><\/p>\n\n\n\n<ul class=\"wp-block-list\">\n<li><strong>Setmana Santa:<\/strong><\/li>\n<\/ul>\n\n\n\n<p>Del 20 de mar\u00e7 al 29 de mar\u00e7 de 2027, ambd\u00f3s inclosos<br><\/p>\n\n\n\n<ul class=\"wp-block-list\">\n<li><strong>Festa Locals:<\/strong><\/li>\n<\/ul>\n\n\n\n<p>&#8211; Dilluns 9 de novembre de 2026 Sant Celoni (festa major d\u2019hivern)<\/p>\n\n\n\n<ul class=\"wp-block-list\">\n<li><strong>Dies de lliure disposici\u00f3 Sant Celoni<\/strong><br>&#8211; Divendres 9 d\u2019octubre de 2026<br>&#8211; Dilluns 7 de desembre de 2026<br>&#8211; Dilluns 8 de febrer de 2027<br>&#8211; Divendres 30 d\u2019abril de 2027<br>&#8211; Dilluns 17 de maig de&nbsp; 2027<br><\/li>\n\n\n\n<li><strong>Jornada intensiva de 9 a 13h (infantil) i de 9 a 13.30h (prim\u00e0ria)<\/strong><br>&#8211; 21 de desembre&nbsp;<br>&#8211; Del 8 al 21 de juny (ambd\u00f3s inclosos)<\/li>\n<\/ul>\n\n\n\n<p><\/p>\n","protected":false},"excerpt":{"rendered":"<p>&#8211; 8 de setembre INICI DE CURS&#8211; 21 de juny FI DE CURS Del 22 de desembre de 2026 al 7 de gener de 2027, ambd\u00f3s inclosos Del 20 de mar\u00e7 al 29 de mar\u00e7 de 2027, ambd\u00f3s inclosos &#8211; Dilluns 9 de novembre de 2026 Sant Celoni (festa major d\u2019hivern)<\/p>\n","protected":false},"author":1,"featured_media":722,"comment_status":"open","ping_status":"open","sticky":false,"template":"","format":"standard","meta":{"site-sidebar-layout":"default","site-content-layout":"","ast-site-content-layout":"default","site-content-style":"default","site-sidebar-style":"default","ast-global-header-display":"","ast-banner-title-visibility":"","ast-main-header-display":"","ast-hfb-above-header-display":"","ast-hfb-below-header-display":"","ast-hfb-mobile-header-display":"","site-post-title":"","ast-breadcrumbs-content":"","ast-featured-img":"","footer-sml-layout":"","theme-transparent-header-meta":"","adv-header-id-meta":"","stick-header-meta":"","header-above-stick-meta":"","header-main-stick-meta":"","header-below-stick-meta":"","astra-migrate-meta-layouts":"set","ast-page-background-enabled":"default","ast-page-background-meta":{"desktop":{"background-color":"var(--ast-global-color-4)","background-image":"","background-repeat":"repeat","background-position":"center center","background-size":"auto","background-attachment":"scroll","background-type":"","background-media":"","overlay-type":"","overlay-color":"","overlay-opacity":"","overlay-gradient":""},"tablet":{"background-color":"","background-image":"","background-repeat":"repeat","background-position":"center center","background-size":"auto","background-attachment":"scroll","background-type":"","background-media":"","overlay-type":"","overlay-color":"","overlay-opacity":"","overlay-gradient":""},"mobile":{"background-color":"","background-image":"","background-repeat":"repeat","background-position":"center center","background-size":"auto","background-attachment":"scroll","background-type":"","background-media":"","overlay-type":"","overlay-color":"","overlay-opacity":"","overlay-gradient":""}},"ast-content-background-meta":{"desktop":{"background-color":"var(--ast-global-color-5)","background-image":"","background-repeat":"repeat","background-position":"center center","background-size":"auto","background-attachment":"scroll","background-type":"","background-media":"","overlay-type":"","overlay-color":"","overlay-opacity":"","overlay-gradient":""},"tablet":{"background-color":"var(--ast-global-color-5)","background-image":"","background-repeat":"repeat","background-position":"center center","background-size":"auto","background-attachment":"scroll","background-type":"","background-media":"","overlay-type":"","overlay-color":"","overlay-opacity":"","overlay-gradient":""},"mobile":{"background-color":"var(--ast-global-color-5)","background-image":"","background-repeat":"repeat","background-position":"center center","background-size":"auto","background-attachment":"scroll","background-type":"","background-media":"","overlay-type":"","overlay-color":"","overlay-opacity":"","overlay-gradient":""}},"footnotes":""},"categories":[1,4],"tags":[],"class_list":["post-732","post","type-post","status-publish","format-standard","has-post-thumbnail","hentry","category-general","category-portada"],"post_mailing_queue_ids":[],"_links":{"self":[{"href":"https:\/\/agora.xtec.cat\/esc-solerdevilardell\/wp-json\/wp\/v2\/posts\/732","targetHints":{"allow":["GET"]}}],"collection":[{"href":"https:\/\/agora.xtec.cat\/esc-solerdevilardell\/wp-json\/wp\/v2\/posts"}],"about":[{"href":"https:\/\/agora.xtec.cat\/esc-solerdevilardell\/wp-json\/wp\/v2\/types\/post"}],"author":[{"embeddable":true,"href":"https:\/\/agora.xtec.cat\/esc-solerdevilardell\/wp-json\/wp\/v2\/users\/1"}],"replies":[{"embeddable":true,"href":"https:\/\/agora.xtec.cat\/esc-solerdevilardell\/wp-json\/wp\/v2\/comments?post=732"}],"version-history":[{"count":5,"href":"https:\/\/agora.xtec.cat\/esc-solerdevilardell\/wp-json\/wp\/v2\/posts\/732\/revisions"}],"predecessor-version":[{"id":1244,"href":"https:\/\/agora.xtec.cat\/esc-solerdevilardell\/wp-json\/wp\/v2\/posts\/732\/revisions\/1244"}],"wp:featuredmedia":[{"embeddable":true,"href":"https:\/\/agora.xtec.cat\/esc-solerdevilardell\/wp-json\/wp\/v2\/media\/722"}],"wp:attachment":[{"href":"https:\/\/agora.xtec.cat\/esc-solerdevilardell\/wp-json\/wp\/v2\/media?parent=732"}],"wp:term":[{"taxonomy":"category","embeddable":true,"href":"https:\/\/agora.xtec.cat\/esc-solerdevilardell\/wp-json\/wp\/v2\/categories?post=732"},{"taxonomy":"post_tag","embeddable":true,"href":"https:\/\/agora.xtec.cat\/esc-solerdevilardell\/wp-json\/wp\/v2\/tags?post=732"}],"curies":[{"name":"wp","href":"https:\/\/api.w.org\/{rel}","templated":true}]}}