{"id":1245,"date":"2026-08-26T11:01:27","date_gmt":"2026-08-26T09:01:27","guid":{"rendered":"https:\/\/agora.xtec.cat\/esc-solerdevilardell\/?p=1245"},"modified":"2026-08-26T11:13:48","modified_gmt":"2026-08-26T09:13:48","slug":"calendari-26-27","status":"publish","type":"post","link":"https:\/\/agora.xtec.cat\/esc-solerdevilardell\/general\/calendari-26-27\/","title":{"rendered":"Calendari 26-27"},"content":{"rendered":"\n<figure class=\"wp-block-image\"><a href=\"https:\/\/agora.xtec.cat\/esc-solerdevilardell\/wp-content\/uploads\/usu3592\/2025\/08\/image.png\"><img loading=\"lazy\" decoding=\"async\" width=\"1024\" height=\"731\" src=\"https:\/\/agora.xtec.cat\/esc-solerdevilardell\/wp-content\/uploads\/usu3592\/2025\/08\/image-1024x731.png\" alt=\"\" class=\"wp-image-1241\" srcset=\"https:\/\/agora.xtec.cat\/esc-solerdevilardell\/wp-content\/uploads\/usu3592\/2025\/08\/image-1024x731.png 1024w, https:\/\/agora.xtec.cat\/esc-solerdevilardell\/wp-content\/uploads\/usu3592\/2025\/08\/image-300x214.png 300w, https:\/\/agora.xtec.cat\/esc-solerdevilardell\/wp-content\/uploads\/usu3592\/2025\/08\/image-768x549.png 768w, https:\/\/agora.xtec.cat\/esc-solerdevilardell\/wp-content\/uploads\/usu3592\/2025\/08\/image.png 1260w\" sizes=\"auto, (max-width: 1024px) 100vw, 1024px\" \/><\/a><\/figure>\n\n\n\n<ul class=\"wp-block-list\">\n<li><strong>Inici i fi de curs:<\/strong><\/li>\n<\/ul>\n\n\n\n<p>\u2013 8 de setembre INICI DE CURS<br>\u2013 21 de juny FI DE CURS<\/p>\n\n\n\n<ul class=\"wp-block-list\">\n<li><strong>Vacances de Nadal:<\/strong><\/li>\n<\/ul>\n\n\n\n<p>Del 22 de desembre de 2026 al 7 de gener de 2027, ambd\u00f3s inclosos<\/p>\n\n\n\n<ul class=\"wp-block-list\">\n<li><strong>Setmana Santa:<\/strong><\/li>\n<\/ul>\n\n\n\n<p>Del 20 de mar\u00e7 al 29 de mar\u00e7 de 2027, ambd\u00f3s inclosos<\/p>\n\n\n\n<ul class=\"wp-block-list\">\n<li><strong>Festa Locals:<\/strong><\/li>\n<\/ul>\n\n\n\n<p>\u2013 Dilluns 9 de novembre de 2026 Sant Celoni (festa major d\u2019hivern)<\/p>\n\n\n\n<ul class=\"wp-block-list\">\n<li><strong>Dies de lliure disposici\u00f3 Sant Celoni<\/strong><br>\u2013 Divendres 9 d\u2019octubre de 2026<br>\u2013 Dilluns 7 de desembre de 2026<br>\u2013 Dilluns 8 de febrer de 2027<br>\u2013 Divendres 30 d\u2019abril de 2027<br>\u2013 Dilluns 17 de maig de&nbsp; 2027<\/li>\n\n\n\n<li><strong>Jornada intensiva de 9 a 13h (infantil) i de 9 a 13.30h (prim\u00e0ria)<\/strong><br>\u2013 21 de desembre&nbsp;<br>\u2013 Del 8 al 21 de juny (ambd\u00f3s inclosos)<\/li>\n<\/ul>\n","protected":false},"excerpt":{"rendered":"<p>\u2013 8 de setembre INICI DE CURS\u2013 21 de juny FI DE CURS Del 22 de desembre de 2026 al 7 de gener de 2027, ambd\u00f3s inclosos Del 20 de mar\u00e7 al 29 de mar\u00e7 de 2027, ambd\u00f3s inclosos \u2013 Dilluns 9 de novembre de 2026 Sant Celoni (festa major d\u2019hivern)<\/p>\n","protected":false},"author":1,"featured_media":0,"comment_status":"open","ping_status":"open","sticky":false,"template":"","format":"standard","meta":{"site-sidebar-layout":"default","site-content-layout":"","ast-site-content-layout":"default","site-content-style":"default","site-sidebar-style":"default","ast-global-header-display":"","ast-banner-title-visibility":"","ast-main-header-display":"","ast-hfb-above-header-display":"","ast-hfb-below-header-display":"","ast-hfb-mobile-header-display":"","site-post-title":"","ast-breadcrumbs-content":"","ast-featured-img":"","footer-sml-layout":"","theme-transparent-header-meta":"","adv-header-id-meta":"","stick-header-meta":"","header-above-stick-meta":"","header-main-stick-meta":"","header-below-stick-meta":"","astra-migrate-meta-layouts":"set","ast-page-background-enabled":"default","ast-page-background-meta":{"desktop":{"background-color":"var(--ast-global-color-4)","background-image":"","background-repeat":"repeat","background-position":"center center","background-size":"auto","background-attachment":"scroll","background-type":"","background-media":"","overlay-type":"","overlay-color":"","overlay-opacity":"","overlay-gradient":""},"tablet":{"background-color":"","background-image":"","background-repeat":"repeat","background-position":"center center","background-size":"auto","background-attachment":"scroll","background-type":"","background-media":"","overlay-type":"","overlay-color":"","overlay-opacity":"","overlay-gradient":""},"mobile":{"background-color":"","background-image":"","background-repeat":"repeat","background-position":"center center","background-size":"auto","background-attachment":"scroll","background-type":"","background-media":"","overlay-type":"","overlay-color":"","overlay-opacity":"","overlay-gradient":""}},"ast-content-background-meta":{"desktop":{"background-color":"var(--ast-global-color-5)","background-image":"","background-repeat":"repeat","background-position":"center center","background-size":"auto","background-attachment":"scroll","background-type":"","background-media":"","overlay-type":"","overlay-color":"","overlay-opacity":"","overlay-gradient":""},"tablet":{"background-color":"var(--ast-global-color-5)","background-image":"","background-repeat":"repeat","background-position":"center center","background-size":"auto","background-attachment":"scroll","background-type":"","background-media":"","overlay-type":"","overlay-color":"","overlay-opacity":"","overlay-gradient":""},"mobile":{"background-color":"var(--ast-global-color-5)","background-image":"","background-repeat":"repeat","background-position":"center center","background-size":"auto","background-attachment":"scroll","background-type":"","background-media":"","overlay-type":"","overlay-color":"","overlay-opacity":"","overlay-gradient":""}},"footnotes":""},"categories":[1],"tags":[],"class_list":["post-1245","post","type-post","status-publish","format-standard","hentry","category-general"],"post_mailing_queue_ids":[],"_links":{"self":[{"href":"https:\/\/agora.xtec.cat\/esc-solerdevilardell\/wp-json\/wp\/v2\/posts\/1245","targetHints":{"allow":["GET"]}}],"collection":[{"href":"https:\/\/agora.xtec.cat\/esc-solerdevilardell\/wp-json\/wp\/v2\/posts"}],"about":[{"href":"https:\/\/agora.xtec.cat\/esc-solerdevilardell\/wp-json\/wp\/v2\/types\/post"}],"author":[{"embeddable":true,"href":"https:\/\/agora.xtec.cat\/esc-solerdevilardell\/wp-json\/wp\/v2\/users\/1"}],"replies":[{"embeddable":true,"href":"https:\/\/agora.xtec.cat\/esc-solerdevilardell\/wp-json\/wp\/v2\/comments?post=1245"}],"version-history":[{"count":2,"href":"https:\/\/agora.xtec.cat\/esc-solerdevilardell\/wp-json\/wp\/v2\/posts\/1245\/revisions"}],"predecessor-version":[{"id":1249,"href":"https:\/\/agora.xtec.cat\/esc-solerdevilardell\/wp-json\/wp\/v2\/posts\/1245\/revisions\/1249"}],"wp:attachment":[{"href":"https:\/\/agora.xtec.cat\/esc-solerdevilardell\/wp-json\/wp\/v2\/media?parent=1245"}],"wp:term":[{"taxonomy":"category","embeddable":true,"href":"https:\/\/agora.xtec.cat\/esc-solerdevilardell\/wp-json\/wp\/v2\/categories?post=1245"},{"taxonomy":"post_tag","embeddable":true,"href":"https:\/\/agora.xtec.cat\/esc-solerdevilardell\/wp-json\/wp\/v2\/tags?post=1245"}],"curies":[{"name":"wp","href":"https:\/\/api.w.org\/{rel}","templated":true}]}}