{"id":697,"date":"2020-10-19T11:23:23","date_gmt":"2020-10-19T09:23:23","guid":{"rendered":"https:\/\/agora.xtec.cat\/esc-serradecollbas\/?p=697"},"modified":"2020-10-19T11:23:23","modified_gmt":"2020-10-19T09:23:23","slug":"per-creixer-sans-hem-de-menjar-fruita-i-verdura","status":"publish","type":"post","link":"https:\/\/agora.xtec.cat\/esc-serradecollbas\/infantil\/per-creixer-sans-hem-de-menjar-fruita-i-verdura\/","title":{"rendered":"Per cr\u00e9ixer sans hem de menjar fruita i verdura"},"content":{"rendered":"<p>Avui hem tingut visita  l&#8217;escola. Ha vingut la Carla!<br \/>\nEns ha explicat que \u00e9s una cient\u00edfica del menjar.<br \/>\nEns ha explicat un conte de la Berta i el conill. Hem descobert que si mengem, com ells, molta fruita i verdura ens farem grans i forts.<br \/>\nAra ja sabem que podem menjar moltes maduixes, patates, cereals, enciam, tom\u00e0quet&#8230;per\u00f2 en canvi ens haurem de reservar per dies especials els caramels, els gelats, la xocolata&#8230;ostres, amb lo bona que \u00e9s la xocolata!<br \/>\nPer\u00f2 ens ha quedat clar que si ens agrada el dol\u00e7, el millor que podem menjar \u00e9s una bona pe\u00e7a de fruita.<br \/>\nNosaltres avui hem tastat un tros de poma! Bon\u00edssima!<br \/>\nI a m\u00e9s, ens han regalat una carmanyola on poder guardar la fruita.<br \/>\nMoltes gr\u00e0cies Carla<\/p>\n<p><a href=\"https:\/\/photos.app.goo.gl\/GLFebayyo918XTVz5\"><img loading=\"lazy\" decoding=\"async\" src=\"https:\/\/lh3.googleusercontent.com\/5Wr190M9XVWzEW6Rv8GJCdEYXVLRPcmb55olQvZgnNXBR68cdxiZ-6HR6U2v3rqhFnBCST8CcEuYGFgvTrye5RQBPrTtxZatTS7OGu76x08oQdQ66s8Mih8mflxGyaTcQVYg7mYl-NkaS_abZrupcEUmU_v6P_5SksK1MagaqtUHY8LDgcnTct-D2Ab8bTNCjry5G72XPpHgZtz77P9oxV5CANikPpK1FLMp6cmD2OmR58q5SD649ZdzIwdNsRB3NaDrY-ca4TRpwR-F0nkgWZQr4-1rbDNGSmeuGBG0UbiTdwRZ3wBpKp6SO7JUO6knrAzTnC6eWJo0gVJ8u1LKVCYqDrGJIMjdI_NmeXQlShKMXWzxzkDUJkl-AlCUubjVCokBfAkGPd69TAZOnSLXsUr2ZyyGI9P5vK0AW3N7Ntm8WaMAJreu5ClIfjLBsCLEHGEMKO4YoLvwuoFYjA44K7xKsbCxobFuQTQsnluSo4QAchlDyNAwAAd406FcN6CLsNfFZDUMIsJaN6LOatHOarpFfbvnQtUSbN2cYI9bCKYKAzwAydlBA0BL1bCusYtuZ78e2HPx1wvPgl0d8BGqQyRFc309hdFfdSF7OnbdH8v1uprvlBonuRoks19b8uukuz4RJmCwyVEDXiK6Fm2DW_vaWK1m5-jsXcTZXfKIGWyfz-JkPav-4VW9gMGQ=w1920-h866-no?authuser=2\" width=\"1920\" height=\"865\" class=\"alignnone size-large\" \/><\/a><\/p>\n","protected":false},"excerpt":{"rendered":"<p>Avui hem tingut visita l&#8217;escola. Ha vingut la Carla! Ens ha explicat que \u00e9s una cient\u00edfica del menjar. Ens ha explicat un conte de la Berta i el conill. Hem descobert que si mengem, com ells, molta fruita i verdura ens farem grans i forts. Ara ja sabem que podem menjar moltes maduixes, patates, cereals, [&hellip;]<\/p>\n","protected":false},"author":1,"featured_media":0,"comment_status":"open","ping_status":"closed","sticky":false,"template":"","format":"standard","meta":{"_bbp_topic_count":0,"_bbp_reply_count":0,"_bbp_total_topic_count":0,"_bbp_total_reply_count":0,"_bbp_voice_count":0,"_bbp_anonymous_reply_count":0,"_bbp_topic_count_hidden":0,"_bbp_reply_count_hidden":0,"_bbp_forum_subforum_count":0,"site-sidebar-layout":"default","site-content-layout":"","ast-site-content-layout":"","site-content-style":"default","site-sidebar-style":"default","ast-global-header-display":"","ast-banner-title-visibility":"","ast-main-header-display":"","ast-hfb-above-header-display":"","ast-hfb-below-header-display":"","ast-hfb-mobile-header-display":"","site-post-title":"","ast-breadcrumbs-content":"","ast-featured-img":"","footer-sml-layout":"","theme-transparent-header-meta":"","adv-header-id-meta":"","stick-header-meta":"","header-above-stick-meta":"","header-main-stick-meta":"","header-below-stick-meta":"","astra-migrate-meta-layouts":"default","ast-page-background-enabled":"default","ast-page-background-meta":{"desktop":{"background-color":"var(--ast-global-color-4)","background-image":"","background-repeat":"repeat","background-position":"center center","background-size":"auto","background-attachment":"scroll","background-type":"","background-media":"","overlay-type":"","overlay-color":"","overlay-opacity":"","overlay-gradient":""},"tablet":{"background-color":"","background-image":"","background-repeat":"repeat","background-position":"center center","background-size":"auto","background-attachment":"scroll","background-type":"","background-media":"","overlay-type":"","overlay-color":"","overlay-opacity":"","overlay-gradient":""},"mobile":{"background-color":"","background-image":"","background-repeat":"repeat","background-position":"center center","background-size":"auto","background-attachment":"scroll","background-type":"","background-media":"","overlay-type":"","overlay-color":"","overlay-opacity":"","overlay-gradient":""}},"ast-content-background-meta":{"desktop":{"background-color":"var(--ast-global-color-5)","background-image":"","background-repeat":"repeat","background-position":"center center","background-size":"auto","background-attachment":"scroll","background-type":"","background-media":"","overlay-type":"","overlay-color":"","overlay-opacity":"","overlay-gradient":""},"tablet":{"background-color":"var(--ast-global-color-5)","background-image":"","background-repeat":"repeat","background-position":"center center","background-size":"auto","background-attachment":"scroll","background-type":"","background-media":"","overlay-type":"","overlay-color":"","overlay-opacity":"","overlay-gradient":""},"mobile":{"background-color":"var(--ast-global-color-5)","background-image":"","background-repeat":"repeat","background-position":"center center","background-size":"auto","background-attachment":"scroll","background-type":"","background-media":"","overlay-type":"","overlay-color":"","overlay-opacity":"","overlay-gradient":""}},"footnotes":""},"categories":[2,4],"tags":[],"class_list":["post-697","post","type-post","status-publish","format-standard","hentry","category-infantil","category-portada"],"post_mailing_queue_ids":[],"_links":{"self":[{"href":"https:\/\/agora.xtec.cat\/esc-serradecollbas\/wp-json\/wp\/v2\/posts\/697","targetHints":{"allow":["GET"]}}],"collection":[{"href":"https:\/\/agora.xtec.cat\/esc-serradecollbas\/wp-json\/wp\/v2\/posts"}],"about":[{"href":"https:\/\/agora.xtec.cat\/esc-serradecollbas\/wp-json\/wp\/v2\/types\/post"}],"author":[{"embeddable":true,"href":"https:\/\/agora.xtec.cat\/esc-serradecollbas\/wp-json\/wp\/v2\/users\/1"}],"replies":[{"embeddable":true,"href":"https:\/\/agora.xtec.cat\/esc-serradecollbas\/wp-json\/wp\/v2\/comments?post=697"}],"version-history":[{"count":2,"href":"https:\/\/agora.xtec.cat\/esc-serradecollbas\/wp-json\/wp\/v2\/posts\/697\/revisions"}],"predecessor-version":[{"id":699,"href":"https:\/\/agora.xtec.cat\/esc-serradecollbas\/wp-json\/wp\/v2\/posts\/697\/revisions\/699"}],"wp:attachment":[{"href":"https:\/\/agora.xtec.cat\/esc-serradecollbas\/wp-json\/wp\/v2\/media?parent=697"}],"wp:term":[{"taxonomy":"category","embeddable":true,"href":"https:\/\/agora.xtec.cat\/esc-serradecollbas\/wp-json\/wp\/v2\/categories?post=697"},{"taxonomy":"post_tag","embeddable":true,"href":"https:\/\/agora.xtec.cat\/esc-serradecollbas\/wp-json\/wp\/v2\/tags?post=697"}],"curies":[{"name":"wp","href":"https:\/\/api.w.org\/{rel}","templated":true}]}}