{"id":506,"date":"2019-11-25T12:44:37","date_gmt":"2019-11-25T11:44:37","guid":{"rendered":"https:\/\/agora.xtec.cat\/esc-serradecollbas\/?p=506"},"modified":"2019-11-25T15:51:17","modified_gmt":"2019-11-25T14:51:17","slug":"santa-cecilia-a-lescola","status":"publish","type":"post","link":"https:\/\/agora.xtec.cat\/esc-serradecollbas\/general\/santa-cecilia-a-lescola\/","title":{"rendered":"Santa Cecilia a l&#8217;escola"},"content":{"rendered":"<p>Bon dia fam\u00edlies,<\/p>\n<div>Us informem que aquesta setmana celebrarem Santa Cecilia, patrona dels m\u00fasics, a l&#8217;escola.<\/div>\n<div>El dijous a la tarda, la classe de la font del Cargol, la classe de la Font de la Farigola i la Classe del Mol\u00ed Major gaudirem del concert que ens oferir\u00e0 la Gemma Campoy, de Capellades. Ens explicar\u00e0\u00a0i ens tocar\u00e0 can\u00e7ons amb dos instruments ben diferents com son el saxofon i l&#8217;ukelele. Segur que el gaudirem molt\u00edssim!<\/div>\n<div>El divendres, que \u00e9s el dia pr\u00f2piament de Santa Cec\u00edlia, els alumnes de prim\u00e0ria, tots junts, tastarem un taller ben divertit de batucada amb l&#8217;Uri Soler de l&#8217;empresa SolRePercussi\u00f3.<\/div>\n<div>Si en voleu con\u00e8ixer m\u00e9s coses sobre ells us deixem la seva p\u00e0gina web<\/div>\n<div>\n<div><a href=\"https:\/\/www.solrepercussio.cat\/\" target=\"_blank\" rel=\"noopener noreferrer\" data-saferedirecturl=\"https:\/\/www.google.com\/url?q=https:\/\/www.solrepercussio.cat\/&amp;source=gmail&amp;ust=1574253834243000&amp;usg=AFQjCNGCm5PNm4M8Xe46Ol4R8a7RXHCkjw\">https:\/\/www.solrepercussio.cat\/<\/a><\/div>\n<div><\/div>\n<div>Val a dir que aquest taller el podem fer gr\u00e0cies a l&#8217;ajuda de la nostra AMPA de l&#8217;escola, que ens paguen la totalitat del taller. Molt\u00edssimes gr\u00e0cies!<\/div>\n<\/div>\n<div><\/div>\n<div>\n<div>Estigueu alerta al bloc que us penjarem algun v\u00eddeo\u00a0de la batucada que farem.<\/div>\n<div><\/div>\n<div>Aix\u00ed doncs, bona setmana, i visca la m\u00fasica!<\/div>\n<div><\/div>\n<div><\/div>\n<div>Equip directiu<\/div>\n<\/div>\n","protected":false},"excerpt":{"rendered":"<p>Bon dia fam\u00edlies, Us informem que aquesta setmana celebrarem Santa Cecilia, patrona dels m\u00fasics, a l&#8217;escola. El dijous a la tarda, la classe de la font del Cargol, la classe de la Font de la Farigola i la Classe del Mol\u00ed Major gaudirem del concert que ens oferir\u00e0 la Gemma Campoy, de Capellades. Ens explicar\u00e0\u00a0i [&hellip;]<\/p>\n","protected":false},"author":1,"featured_media":517,"comment_status":"open","ping_status":"closed","sticky":false,"template":"","format":"standard","meta":{"_bbp_topic_count":0,"_bbp_reply_count":0,"_bbp_total_topic_count":0,"_bbp_total_reply_count":0,"_bbp_voice_count":0,"_bbp_anonymous_reply_count":0,"_bbp_topic_count_hidden":0,"_bbp_reply_count_hidden":0,"_bbp_forum_subforum_count":0,"site-sidebar-layout":"default","site-content-layout":"","ast-site-content-layout":"","site-content-style":"default","site-sidebar-style":"default","ast-global-header-display":"","ast-banner-title-visibility":"","ast-main-header-display":"","ast-hfb-above-header-display":"","ast-hfb-below-header-display":"","ast-hfb-mobile-header-display":"","site-post-title":"","ast-breadcrumbs-content":"","ast-featured-img":"","footer-sml-layout":"","theme-transparent-header-meta":"","adv-header-id-meta":"","stick-header-meta":"","header-above-stick-meta":"","header-main-stick-meta":"","header-below-stick-meta":"","astra-migrate-meta-layouts":"default","ast-page-background-enabled":"default","ast-page-background-meta":{"desktop":{"background-color":"var(--ast-global-color-4)","background-image":"","background-repeat":"repeat","background-position":"center center","background-size":"auto","background-attachment":"scroll","background-type":"","background-media":"","overlay-type":"","overlay-color":"","overlay-opacity":"","overlay-gradient":""},"tablet":{"background-color":"","background-image":"","background-repeat":"repeat","background-position":"center center","background-size":"auto","background-attachment":"scroll","background-type":"","background-media":"","overlay-type":"","overlay-color":"","overlay-opacity":"","overlay-gradient":""},"mobile":{"background-color":"","background-image":"","background-repeat":"repeat","background-position":"center center","background-size":"auto","background-attachment":"scroll","background-type":"","background-media":"","overlay-type":"","overlay-color":"","overlay-opacity":"","overlay-gradient":""}},"ast-content-background-meta":{"desktop":{"background-color":"var(--ast-global-color-5)","background-image":"","background-repeat":"repeat","background-position":"center center","background-size":"auto","background-attachment":"scroll","background-type":"","background-media":"","overlay-type":"","overlay-color":"","overlay-opacity":"","overlay-gradient":""},"tablet":{"background-color":"var(--ast-global-color-5)","background-image":"","background-repeat":"repeat","background-position":"center center","background-size":"auto","background-attachment":"scroll","background-type":"","background-media":"","overlay-type":"","overlay-color":"","overlay-opacity":"","overlay-gradient":""},"mobile":{"background-color":"var(--ast-global-color-5)","background-image":"","background-repeat":"repeat","background-position":"center center","background-size":"auto","background-attachment":"scroll","background-type":"","background-media":"","overlay-type":"","overlay-color":"","overlay-opacity":"","overlay-gradient":""}},"footnotes":""},"categories":[1,4],"tags":[],"class_list":["post-506","post","type-post","status-publish","format-standard","has-post-thumbnail","hentry","category-general","category-portada"],"post_mailing_queue_ids":[],"_links":{"self":[{"href":"https:\/\/agora.xtec.cat\/esc-serradecollbas\/wp-json\/wp\/v2\/posts\/506","targetHints":{"allow":["GET"]}}],"collection":[{"href":"https:\/\/agora.xtec.cat\/esc-serradecollbas\/wp-json\/wp\/v2\/posts"}],"about":[{"href":"https:\/\/agora.xtec.cat\/esc-serradecollbas\/wp-json\/wp\/v2\/types\/post"}],"author":[{"embeddable":true,"href":"https:\/\/agora.xtec.cat\/esc-serradecollbas\/wp-json\/wp\/v2\/users\/1"}],"replies":[{"embeddable":true,"href":"https:\/\/agora.xtec.cat\/esc-serradecollbas\/wp-json\/wp\/v2\/comments?post=506"}],"version-history":[{"count":1,"href":"https:\/\/agora.xtec.cat\/esc-serradecollbas\/wp-json\/wp\/v2\/posts\/506\/revisions"}],"predecessor-version":[{"id":507,"href":"https:\/\/agora.xtec.cat\/esc-serradecollbas\/wp-json\/wp\/v2\/posts\/506\/revisions\/507"}],"wp:featuredmedia":[{"embeddable":true,"href":"https:\/\/agora.xtec.cat\/esc-serradecollbas\/wp-json\/wp\/v2\/media\/517"}],"wp:attachment":[{"href":"https:\/\/agora.xtec.cat\/esc-serradecollbas\/wp-json\/wp\/v2\/media?parent=506"}],"wp:term":[{"taxonomy":"category","embeddable":true,"href":"https:\/\/agora.xtec.cat\/esc-serradecollbas\/wp-json\/wp\/v2\/categories?post=506"},{"taxonomy":"post_tag","embeddable":true,"href":"https:\/\/agora.xtec.cat\/esc-serradecollbas\/wp-json\/wp\/v2\/tags?post=506"}],"curies":[{"name":"wp","href":"https:\/\/api.w.org\/{rel}","templated":true}]}}