{"id":3956,"date":"2026-03-27T16:36:01","date_gmt":"2026-03-27T15:36:01","guid":{"rendered":"https:\/\/agora.xtec.cat\/esc-serradecollbas\/?p=3956"},"modified":"2026-03-27T16:36:01","modified_gmt":"2026-03-27T15:36:01","slug":"celebrem-el-final-de-trimestre","status":"publish","type":"post","link":"https:\/\/agora.xtec.cat\/esc-serradecollbas\/general\/celebrem-el-final-de-trimestre\/","title":{"rendered":"CELEBREM EL FINAL DE TRIMESTRE"},"content":{"rendered":"<p>Quin dia m\u00e9s divertit!<\/p>\n<p>Avui tots els grup de l&#8217;escola hem preparat unes mones precioses amb moooolta xocolata.<\/p>\n<p>Despr\u00e9s les abelles i les orenetes han participat en una cerca d&#8217;ous pel pati dinamitzada per l&#8217;Aina des de l&#8217;\u00e0rea d&#8217;angl\u00e8s.<\/p>\n<p>I els grups de tritons i pandes hem escoltat la xerrada del Ruben, el nostre mosso d&#8217;esquadra de refer\u00e8ncia sobre les relacions entre iguals. Qu\u00e8 interessant que ha estat!! Ruben, la teva visita sempre ens encanta!!<\/p>\n<p>Fam\u00edlies, i fins aqu\u00ed aquest segon trimestre.<\/p>\n<p>Ens veiem a la tornada, el dimecres 8 d&#8217;abril on els grups de prim\u00e0ria marxem de col\u00f2nies. I el grup d&#8217;infantil s&#8217;hi uneix a l&#8217;endem\u00e0.<\/p>\n<p>BONES VACANCES!!<\/p>\n<p><a href=\"https:\/\/photos.app.goo.gl\/TKLmAt4jRwAtYyXT8\"><img loading=\"lazy\" decoding=\"async\" class=\"aligncenter size-large\" src=\"https:\/\/lh3.googleusercontent.com\/pw\/AP1GczN-E9UkJqkeE1YZM4U8mNlnBVNptPXjDhWXH0veL7aQ-ZSoC1B85ybVTYkwLjizmJ8UNjIVSvwLkGlUI68EwU16QuH82WHf7pZEVehBVNv14O4_TedjGM5YV-3ZOzLyiUTAIsvfZWjPaUDcbyu6KQ2oxA=w1271-h953-s-no-gm?authuser=3\" width=\"1271\" height=\"953\" \/><\/a><\/p>\n","protected":false},"excerpt":{"rendered":"<p>Quin dia m\u00e9s divertit! Avui tots els grup de l&#8217;escola hem preparat unes mones precioses amb moooolta xocolata. Despr\u00e9s les abelles i les orenetes han participat en una cerca d&#8217;ous pel pati dinamitzada per l&#8217;Aina des de l&#8217;\u00e0rea d&#8217;angl\u00e8s. I els grups de tritons i pandes hem escoltat la xerrada del Ruben, el nostre mosso [&hellip;]<\/p>\n","protected":false},"author":1,"featured_media":0,"comment_status":"open","ping_status":"open","sticky":false,"template":"","format":"standard","meta":{"_bbp_topic_count":0,"_bbp_reply_count":0,"_bbp_total_topic_count":0,"_bbp_total_reply_count":0,"_bbp_voice_count":0,"_bbp_anonymous_reply_count":0,"_bbp_topic_count_hidden":0,"_bbp_reply_count_hidden":0,"_bbp_forum_subforum_count":0,"site-sidebar-layout":"default","site-content-layout":"","ast-site-content-layout":"default","site-content-style":"default","site-sidebar-style":"default","ast-global-header-display":"","ast-banner-title-visibility":"","ast-main-header-display":"","ast-hfb-above-header-display":"","ast-hfb-below-header-display":"","ast-hfb-mobile-header-display":"","site-post-title":"","ast-breadcrumbs-content":"","ast-featured-img":"","footer-sml-layout":"","theme-transparent-header-meta":"default","adv-header-id-meta":"","stick-header-meta":"","header-above-stick-meta":"","header-main-stick-meta":"","header-below-stick-meta":"","astra-migrate-meta-layouts":"set","ast-page-background-enabled":"default","ast-page-background-meta":{"desktop":{"background-color":"var(--ast-global-color-4)","background-image":"","background-repeat":"repeat","background-position":"center center","background-size":"auto","background-attachment":"scroll","background-type":"","background-media":"","overlay-type":"","overlay-color":"","overlay-opacity":"","overlay-gradient":""},"tablet":{"background-color":"","background-image":"","background-repeat":"repeat","background-position":"center center","background-size":"auto","background-attachment":"scroll","background-type":"","background-media":"","overlay-type":"","overlay-color":"","overlay-opacity":"","overlay-gradient":""},"mobile":{"background-color":"","background-image":"","background-repeat":"repeat","background-position":"center center","background-size":"auto","background-attachment":"scroll","background-type":"","background-media":"","overlay-type":"","overlay-color":"","overlay-opacity":"","overlay-gradient":""}},"ast-content-background-meta":{"desktop":{"background-color":"var(--ast-global-color-5)","background-image":"","background-repeat":"repeat","background-position":"center center","background-size":"auto","background-attachment":"scroll","background-type":"","background-media":"","overlay-type":"","overlay-color":"","overlay-opacity":"","overlay-gradient":""},"tablet":{"background-color":"var(--ast-global-color-5)","background-image":"","background-repeat":"repeat","background-position":"center center","background-size":"auto","background-attachment":"scroll","background-type":"","background-media":"","overlay-type":"","overlay-color":"","overlay-opacity":"","overlay-gradient":""},"mobile":{"background-color":"var(--ast-global-color-5)","background-image":"","background-repeat":"repeat","background-position":"center center","background-size":"auto","background-attachment":"scroll","background-type":"","background-media":"","overlay-type":"","overlay-color":"","overlay-opacity":"","overlay-gradient":""}},"footnotes":""},"categories":[1,2,4,5],"tags":[],"class_list":["post-3956","post","type-post","status-publish","format-standard","hentry","category-general","category-infantil","category-portada","category-primaria"],"post_mailing_queue_ids":[],"_links":{"self":[{"href":"https:\/\/agora.xtec.cat\/esc-serradecollbas\/wp-json\/wp\/v2\/posts\/3956","targetHints":{"allow":["GET"]}}],"collection":[{"href":"https:\/\/agora.xtec.cat\/esc-serradecollbas\/wp-json\/wp\/v2\/posts"}],"about":[{"href":"https:\/\/agora.xtec.cat\/esc-serradecollbas\/wp-json\/wp\/v2\/types\/post"}],"author":[{"embeddable":true,"href":"https:\/\/agora.xtec.cat\/esc-serradecollbas\/wp-json\/wp\/v2\/users\/1"}],"replies":[{"embeddable":true,"href":"https:\/\/agora.xtec.cat\/esc-serradecollbas\/wp-json\/wp\/v2\/comments?post=3956"}],"version-history":[{"count":1,"href":"https:\/\/agora.xtec.cat\/esc-serradecollbas\/wp-json\/wp\/v2\/posts\/3956\/revisions"}],"predecessor-version":[{"id":3957,"href":"https:\/\/agora.xtec.cat\/esc-serradecollbas\/wp-json\/wp\/v2\/posts\/3956\/revisions\/3957"}],"wp:attachment":[{"href":"https:\/\/agora.xtec.cat\/esc-serradecollbas\/wp-json\/wp\/v2\/media?parent=3956"}],"wp:term":[{"taxonomy":"category","embeddable":true,"href":"https:\/\/agora.xtec.cat\/esc-serradecollbas\/wp-json\/wp\/v2\/categories?post=3956"},{"taxonomy":"post_tag","embeddable":true,"href":"https:\/\/agora.xtec.cat\/esc-serradecollbas\/wp-json\/wp\/v2\/tags?post=3956"}],"curies":[{"name":"wp","href":"https:\/\/api.w.org\/{rel}","templated":true}]}}