{"id":3885,"date":"2026-02-10T16:16:09","date_gmt":"2026-02-10T15:16:09","guid":{"rendered":"https:\/\/agora.xtec.cat\/esc-serradecollbas\/?p=3885"},"modified":"2026-02-10T16:16:09","modified_gmt":"2026-02-10T15:16:09","slug":"11-de-febrer-convocatoria-de-vaga","status":"publish","type":"post","link":"https:\/\/agora.xtec.cat\/esc-serradecollbas\/general\/11-de-febrer-convocatoria-de-vaga\/","title":{"rendered":"11 DE FEBRER. CONVOCAT\u00d2RIA DE VAGA"},"content":{"rendered":"<p style=\"font-weight: 400;\">Dem\u00e0 dimecres dia 11 de febrer hi ha una vaga convocada al sector d&#8217;ensenyament.<\/p>\n<p style=\"font-weight: 400;\">Nosaltres, com a docents, estem totalment d&#8217;acord amb els motius per convocar-la, per aquest motiu us informem que <strong>el dia 11 de febrer la majoria de docents del nostre centre exercir\u00e0 el dret a vaga<\/strong>\u00a0i garantirem els serveis m\u00ednims decretats pel Departament de Treball.<\/p>\n<p style=\"font-weight: 400;\"><span style=\"color: #ff0000;\"><strong>Aix\u00ed doncs, no es far\u00e0 escola amb normalitat.<\/strong><\/span><\/p>\n<p style=\"font-weight: 400;\"><span style=\"font-weight: 400;\">Per tot aix\u00f2, us animem a informar-vos i a participar en les accions que es puguin organitzar al territori. <\/span><\/p>\n<p style=\"font-weight: 400;\"><b>L\u2019objectiu \u00e9s compartit: una educaci\u00f3 p\u00fablica de qualitat, amb els recursos que estableix la LEC i el Decret d\u2019educaci\u00f3 inclusiva \u2014com ara la destinaci\u00f3 del 6% del PIB a educaci\u00f3\u2014, mesures imprescindibles per garantir l\u2019equitat i l\u2019excel\u00b7l\u00e8ncia educativa, per\u00f2 que fins ara no s\u2019han fet efectives<\/b><span style=\"font-weight: 400;\">.<\/span><\/p>\n<p style=\"font-weight: 400;\"><span style=\"font-weight: 400;\">Creiem fermament que dignificar la professi\u00f3 docent \u00e9s una condici\u00f3 indispensable per garantir el futur educatiu del pa\u00eds. Els infants d\u2019avui s\u00f3n la ciutadania del dem\u00e0, i el pa\u00eds nom\u00e9s pot cr\u00e9ixer amb un sistema educatiu fort, valorat i ben dotat.<\/span><\/p>\n<p style=\"font-weight: 400;\"><span style=\"font-weight: 400;\">Us agra\u00efm la vostra confian\u00e7a i el vostre suport, i restem a la vostra disposici\u00f3 per resoldre qualsevol dubte que pugueu tenir.<\/span><\/p>\n<p style=\"font-weight: 400;\"><span style=\"font-weight: 400;\">Rebeu una cordial salutaci\u00f3,<\/span><\/p>\n<p><a href=\"https:\/\/agora.xtec.cat\/esc-serradecollbas\/wp-content\/uploads\/usu2044\/2026\/02\/samarreta-VAGA-educacio-2-tintes-1-2-scaled-1.jpg\"><img loading=\"lazy\" decoding=\"async\" class=\"aligncenter size-full wp-image-3883\" src=\"https:\/\/agora.xtec.cat\/esc-serradecollbas\/wp-content\/uploads\/usu2044\/2026\/02\/samarreta-VAGA-educacio-2-tintes-1-2-scaled-1.jpg\" alt=\"\" width=\"1810\" height=\"2560\" srcset=\"https:\/\/agora.xtec.cat\/esc-serradecollbas\/wp-content\/uploads\/usu2044\/2026\/02\/samarreta-VAGA-educacio-2-tintes-1-2-scaled-1.jpg 1810w, https:\/\/agora.xtec.cat\/esc-serradecollbas\/wp-content\/uploads\/usu2044\/2026\/02\/samarreta-VAGA-educacio-2-tintes-1-2-scaled-1-212x300.jpg 212w, https:\/\/agora.xtec.cat\/esc-serradecollbas\/wp-content\/uploads\/usu2044\/2026\/02\/samarreta-VAGA-educacio-2-tintes-1-2-scaled-1-724x1024.jpg 724w, https:\/\/agora.xtec.cat\/esc-serradecollbas\/wp-content\/uploads\/usu2044\/2026\/02\/samarreta-VAGA-educacio-2-tintes-1-2-scaled-1-768x1086.jpg 768w, https:\/\/agora.xtec.cat\/esc-serradecollbas\/wp-content\/uploads\/usu2044\/2026\/02\/samarreta-VAGA-educacio-2-tintes-1-2-scaled-1-1086x1536.jpg 1086w, https:\/\/agora.xtec.cat\/esc-serradecollbas\/wp-content\/uploads\/usu2044\/2026\/02\/samarreta-VAGA-educacio-2-tintes-1-2-scaled-1-1448x2048.jpg 1448w\" sizes=\"auto, (max-width: 1810px) 100vw, 1810px\" \/><\/a><\/p>\n","protected":false},"excerpt":{"rendered":"<p>Dem\u00e0 dimecres dia 11 de febrer hi ha una vaga convocada al sector d&#8217;ensenyament. Nosaltres, com a docents, estem totalment d&#8217;acord amb els motius per convocar-la, per aquest motiu us informem que el dia 11 de febrer la majoria de docents del nostre centre exercir\u00e0 el dret a vaga\u00a0i garantirem els serveis m\u00ednims decretats pel [&hellip;]<\/p>\n","protected":false},"author":1,"featured_media":0,"comment_status":"open","ping_status":"open","sticky":false,"template":"","format":"standard","meta":{"_bbp_topic_count":0,"_bbp_reply_count":0,"_bbp_total_topic_count":0,"_bbp_total_reply_count":0,"_bbp_voice_count":0,"_bbp_anonymous_reply_count":0,"_bbp_topic_count_hidden":0,"_bbp_reply_count_hidden":0,"_bbp_forum_subforum_count":0,"site-sidebar-layout":"default","site-content-layout":"","ast-site-content-layout":"default","site-content-style":"default","site-sidebar-style":"default","ast-global-header-display":"","ast-banner-title-visibility":"","ast-main-header-display":"","ast-hfb-above-header-display":"","ast-hfb-below-header-display":"","ast-hfb-mobile-header-display":"","site-post-title":"","ast-breadcrumbs-content":"","ast-featured-img":"","footer-sml-layout":"","theme-transparent-header-meta":"default","adv-header-id-meta":"","stick-header-meta":"","header-above-stick-meta":"","header-main-stick-meta":"","header-below-stick-meta":"","astra-migrate-meta-layouts":"set","ast-page-background-enabled":"default","ast-page-background-meta":{"desktop":{"background-color":"var(--ast-global-color-4)","background-image":"","background-repeat":"repeat","background-position":"center center","background-size":"auto","background-attachment":"scroll","background-type":"","background-media":"","overlay-type":"","overlay-color":"","overlay-opacity":"","overlay-gradient":""},"tablet":{"background-color":"","background-image":"","background-repeat":"repeat","background-position":"center center","background-size":"auto","background-attachment":"scroll","background-type":"","background-media":"","overlay-type":"","overlay-color":"","overlay-opacity":"","overlay-gradient":""},"mobile":{"background-color":"","background-image":"","background-repeat":"repeat","background-position":"center center","background-size":"auto","background-attachment":"scroll","background-type":"","background-media":"","overlay-type":"","overlay-color":"","overlay-opacity":"","overlay-gradient":""}},"ast-content-background-meta":{"desktop":{"background-color":"var(--ast-global-color-5)","background-image":"","background-repeat":"repeat","background-position":"center center","background-size":"auto","background-attachment":"scroll","background-type":"","background-media":"","overlay-type":"","overlay-color":"","overlay-opacity":"","overlay-gradient":""},"tablet":{"background-color":"var(--ast-global-color-5)","background-image":"","background-repeat":"repeat","background-position":"center center","background-size":"auto","background-attachment":"scroll","background-type":"","background-media":"","overlay-type":"","overlay-color":"","overlay-opacity":"","overlay-gradient":""},"mobile":{"background-color":"var(--ast-global-color-5)","background-image":"","background-repeat":"repeat","background-position":"center center","background-size":"auto","background-attachment":"scroll","background-type":"","background-media":"","overlay-type":"","overlay-color":"","overlay-opacity":"","overlay-gradient":""}},"footnotes":""},"categories":[1,4],"tags":[],"class_list":["post-3885","post","type-post","status-publish","format-standard","hentry","category-general","category-portada"],"post_mailing_queue_ids":[],"_links":{"self":[{"href":"https:\/\/agora.xtec.cat\/esc-serradecollbas\/wp-json\/wp\/v2\/posts\/3885","targetHints":{"allow":["GET"]}}],"collection":[{"href":"https:\/\/agora.xtec.cat\/esc-serradecollbas\/wp-json\/wp\/v2\/posts"}],"about":[{"href":"https:\/\/agora.xtec.cat\/esc-serradecollbas\/wp-json\/wp\/v2\/types\/post"}],"author":[{"embeddable":true,"href":"https:\/\/agora.xtec.cat\/esc-serradecollbas\/wp-json\/wp\/v2\/users\/1"}],"replies":[{"embeddable":true,"href":"https:\/\/agora.xtec.cat\/esc-serradecollbas\/wp-json\/wp\/v2\/comments?post=3885"}],"version-history":[{"count":1,"href":"https:\/\/agora.xtec.cat\/esc-serradecollbas\/wp-json\/wp\/v2\/posts\/3885\/revisions"}],"predecessor-version":[{"id":3886,"href":"https:\/\/agora.xtec.cat\/esc-serradecollbas\/wp-json\/wp\/v2\/posts\/3885\/revisions\/3886"}],"wp:attachment":[{"href":"https:\/\/agora.xtec.cat\/esc-serradecollbas\/wp-json\/wp\/v2\/media?parent=3885"}],"wp:term":[{"taxonomy":"category","embeddable":true,"href":"https:\/\/agora.xtec.cat\/esc-serradecollbas\/wp-json\/wp\/v2\/categories?post=3885"},{"taxonomy":"post_tag","embeddable":true,"href":"https:\/\/agora.xtec.cat\/esc-serradecollbas\/wp-json\/wp\/v2\/tags?post=3885"}],"curies":[{"name":"wp","href":"https:\/\/api.w.org\/{rel}","templated":true}]}}