{"id":3831,"date":"2026-01-30T16:15:20","date_gmt":"2026-01-30T15:15:20","guid":{"rendered":"https:\/\/agora.xtec.cat\/esc-serradecollbas\/?p=3831"},"modified":"2026-01-30T16:15:20","modified_gmt":"2026-01-30T15:15:20","slug":"dia-escolar-de-la-no-violencia-i-la-pau-a-lescola","status":"publish","type":"post","link":"https:\/\/agora.xtec.cat\/esc-serradecollbas\/general\/dia-escolar-de-la-no-violencia-i-la-pau-a-lescola\/","title":{"rendered":"Dia Escolar de la No-Viol\u00e8ncia i la Pau a l&#8217;escola"},"content":{"rendered":"<p data-start=\"196\" data-end=\"395\">Avui a l\u2019escola hem celebrat el <strong data-start=\"228\" data-end=\"263\">Dia de la Pau i la No-viol\u00e8ncia<\/strong>.<br data-start=\"264\" data-end=\"267\" \/>Ens hem aturat una estona. Per parlar, per escoltar-nos i per pensar plegats qu\u00e8 vol dir realment la pau en el nostre dia a dia.<\/p>\n<p data-start=\"397\" data-end=\"661\">Hem recordat que <em data-start=\"414\" data-end=\"466\">\u201cla pau no \u00e9s nom\u00e9s una cosa que passa molt lluny\u201d<\/em>. La pau tamb\u00e9 es construeix aqu\u00ed, a l\u2019escola, en la manera com ens parlem, com els infants resolen els conflictes i com <em data-start=\"587\" data-end=\"620\">\u201cens cuidem els uns als altres\u201d<\/em>. S\u00f3n petits gestos, per\u00f2 ho canvien tot.<\/p>\n<p data-start=\"663\" data-end=\"854\">Tamb\u00e9 hem parlat de la <strong data-start=\"686\" data-end=\"706\">branca d\u2019olivera<\/strong>, s\u00edmbol de fer les paus. Perqu\u00e8 quan demanem perd\u00f3, quan escoltem o quan parlem amb calma, <em data-start=\"798\" data-end=\"853\">\u201c\u00e9s com si regal\u00e9ssim una branca d\u2019olivera invisible\u201d<\/em>.<\/p>\n<p data-start=\"856\" data-end=\"1063\">Per acabar, els infants han penjat els desitjos de pau que han preparat amb les fam\u00edlies, amb l\u2019ajuda dels padrins\/es i fillols\/es. Uns desitjos que ens recorden que la pau no \u00e9s nom\u00e9s avui, sin\u00f3 <strong data-start=\"1046\" data-end=\"1058\">cada dia<\/strong>.<\/p>\n<p data-start=\"856\" data-end=\"1063\"><a href=\"https:\/\/photos.app.goo.gl\/AojtF2h96GLLrohH9\">Ho voleu veure?<\/a><\/p>\n","protected":false},"excerpt":{"rendered":"<p>Avui a l\u2019escola hem celebrat el Dia de la Pau i la No-viol\u00e8ncia.Ens hem aturat una estona. Per parlar, per escoltar-nos i per pensar plegats qu\u00e8 vol dir realment la pau en el nostre dia a dia. Hem recordat que \u201cla pau no \u00e9s nom\u00e9s una cosa que passa molt lluny\u201d. La pau tamb\u00e9 es [&hellip;]<\/p>\n","protected":false},"author":6,"featured_media":0,"comment_status":"open","ping_status":"open","sticky":false,"template":"","format":"standard","meta":{"_bbp_topic_count":0,"_bbp_reply_count":0,"_bbp_total_topic_count":0,"_bbp_total_reply_count":0,"_bbp_voice_count":0,"_bbp_anonymous_reply_count":0,"_bbp_topic_count_hidden":0,"_bbp_reply_count_hidden":0,"_bbp_forum_subforum_count":0,"site-sidebar-layout":"default","site-content-layout":"","ast-site-content-layout":"default","site-content-style":"default","site-sidebar-style":"default","ast-global-header-display":"","ast-banner-title-visibility":"","ast-main-header-display":"","ast-hfb-above-header-display":"","ast-hfb-below-header-display":"","ast-hfb-mobile-header-display":"","site-post-title":"","ast-breadcrumbs-content":"","ast-featured-img":"","footer-sml-layout":"","theme-transparent-header-meta":"default","adv-header-id-meta":"","stick-header-meta":"","header-above-stick-meta":"","header-main-stick-meta":"","header-below-stick-meta":"","astra-migrate-meta-layouts":"set","ast-page-background-enabled":"default","ast-page-background-meta":{"desktop":{"background-color":"var(--ast-global-color-4)","background-image":"","background-repeat":"repeat","background-position":"center center","background-size":"auto","background-attachment":"scroll","background-type":"","background-media":"","overlay-type":"","overlay-color":"","overlay-opacity":"","overlay-gradient":""},"tablet":{"background-color":"","background-image":"","background-repeat":"repeat","background-position":"center center","background-size":"auto","background-attachment":"scroll","background-type":"","background-media":"","overlay-type":"","overlay-color":"","overlay-opacity":"","overlay-gradient":""},"mobile":{"background-color":"","background-image":"","background-repeat":"repeat","background-position":"center center","background-size":"auto","background-attachment":"scroll","background-type":"","background-media":"","overlay-type":"","overlay-color":"","overlay-opacity":"","overlay-gradient":""}},"ast-content-background-meta":{"desktop":{"background-color":"var(--ast-global-color-5)","background-image":"","background-repeat":"repeat","background-position":"center center","background-size":"auto","background-attachment":"scroll","background-type":"","background-media":"","overlay-type":"","overlay-color":"","overlay-opacity":"","overlay-gradient":""},"tablet":{"background-color":"var(--ast-global-color-5)","background-image":"","background-repeat":"repeat","background-position":"center center","background-size":"auto","background-attachment":"scroll","background-type":"","background-media":"","overlay-type":"","overlay-color":"","overlay-opacity":"","overlay-gradient":""},"mobile":{"background-color":"var(--ast-global-color-5)","background-image":"","background-repeat":"repeat","background-position":"center center","background-size":"auto","background-attachment":"scroll","background-type":"","background-media":"","overlay-type":"","overlay-color":"","overlay-opacity":"","overlay-gradient":""}},"footnotes":""},"categories":[10,12,15,1,2,4,5],"tags":[],"class_list":["post-3831","post","type-post","status-publish","format-standard","hentry","category-1r-2n","category-3r-4t","category-5e-6e","category-general","category-infantil","category-portada","category-primaria"],"post_mailing_queue_ids":[],"_links":{"self":[{"href":"https:\/\/agora.xtec.cat\/esc-serradecollbas\/wp-json\/wp\/v2\/posts\/3831","targetHints":{"allow":["GET"]}}],"collection":[{"href":"https:\/\/agora.xtec.cat\/esc-serradecollbas\/wp-json\/wp\/v2\/posts"}],"about":[{"href":"https:\/\/agora.xtec.cat\/esc-serradecollbas\/wp-json\/wp\/v2\/types\/post"}],"author":[{"embeddable":true,"href":"https:\/\/agora.xtec.cat\/esc-serradecollbas\/wp-json\/wp\/v2\/users\/6"}],"replies":[{"embeddable":true,"href":"https:\/\/agora.xtec.cat\/esc-serradecollbas\/wp-json\/wp\/v2\/comments?post=3831"}],"version-history":[{"count":3,"href":"https:\/\/agora.xtec.cat\/esc-serradecollbas\/wp-json\/wp\/v2\/posts\/3831\/revisions"}],"predecessor-version":[{"id":3834,"href":"https:\/\/agora.xtec.cat\/esc-serradecollbas\/wp-json\/wp\/v2\/posts\/3831\/revisions\/3834"}],"wp:attachment":[{"href":"https:\/\/agora.xtec.cat\/esc-serradecollbas\/wp-json\/wp\/v2\/media?parent=3831"}],"wp:term":[{"taxonomy":"category","embeddable":true,"href":"https:\/\/agora.xtec.cat\/esc-serradecollbas\/wp-json\/wp\/v2\/categories?post=3831"},{"taxonomy":"post_tag","embeddable":true,"href":"https:\/\/agora.xtec.cat\/esc-serradecollbas\/wp-json\/wp\/v2\/tags?post=3831"}],"curies":[{"name":"wp","href":"https:\/\/api.w.org\/{rel}","templated":true}]}}