{"id":3761,"date":"2025-11-30T14:28:56","date_gmt":"2025-11-30T13:28:56","guid":{"rendered":"https:\/\/agora.xtec.cat\/esc-serradecollbas\/?p=3761"},"modified":"2025-11-30T14:28:56","modified_gmt":"2025-11-30T13:28:56","slug":"nadal-al-menjador-2","status":"publish","type":"post","link":"https:\/\/agora.xtec.cat\/esc-serradecollbas\/general\/nadal-al-menjador-2\/","title":{"rendered":"NADAL AL MENJADOR"},"content":{"rendered":"<p>Bones, fam\u00edlies!!!!<\/p>\n<p>Ja queda poc per Nadal!!!!!!\ud83c\udf1f\ud83c\udf1f\ud83c\udf84\ud83c\udf85\ud83c\udf84<\/p>\n<p>I al menjador tenim moltes ganes!!!!!!!!!!\ud83e\udd70\ud83e\udd70\ud83e\udd70\ud83e\udd70\ud83e\udd70<\/p>\n<p>Aquest divendres al menjador em comen\u00e7at a fer figures de Nadal amb plastilina, s\u00f3n tots uns grans artistes!!\ud83c\udfa8\ud83d\udc68\u200d\ud83c\udfa8\ud83d\udc69\u200d\ud83c\udfa8 \ud83c\udfa8<\/p>\n<p>Han sortit arbres de Nadal, ninots de neu&#8230;.I aix\u00ed em pogut comen\u00e7ar a ambientar al menjador de l&#8217;escola, de la millor celebraci\u00f3 de l&#8217;any!!!! ENS ENCANTA EL NADAL!!!!<\/p>\n<p>Tamb\u00e9, els alumnes m\u00e9s grans han pogut disfrutar d&#8217;un joc dirigit en grups:&#8221;EL PITXI&#8221; on s&#8217;ho han passat d&#8217;all\u00f3 m\u00e9s b\u00e9 aconseguint fer carreras, cosa que els contrincants no els hi posaven gens f\u00e0cil.\ud83c\udf1f\ud83c\udf1f\ud83c\udf84\ud83c\udf85\ud83c\udf84<\/p>\n<p><a href=\"https:\/\/photos.app.goo.gl\/sFen6fhCainT5XYw6\"><img loading=\"lazy\" decoding=\"async\" class=\"alignnone size-large\" src=\"https:\/\/lh3.googleusercontent.com\/pw\/AP1GczOYxsW4Spl_l5dozKSFPz1CT9NLV1G34O3MwNCkeSNR_jNV5GKGhbO_1eEJQ6DN0eTBvYN4fpXpIitwdpFgG_ByoHaXAYUqwUOSYZ_E4EGN2tMJIgBgXVIhpkOucymZ4AsM-wS07DJ76yL3hynwaLQgAg=w1272-h587-s-no?authuser=0\" width=\"1272\" height=\"587\" \/><\/a><\/p>\n","protected":false},"excerpt":{"rendered":"<p>Bones, fam\u00edlies!!!! Ja queda poc per Nadal!!!!!!\ud83c\udf1f\ud83c\udf1f\ud83c\udf84\ud83c\udf85\ud83c\udf84 I al menjador tenim moltes ganes!!!!!!!!!!\ud83e\udd70\ud83e\udd70\ud83e\udd70\ud83e\udd70\ud83e\udd70 Aquest divendres al menjador em comen\u00e7at a fer figures de Nadal amb plastilina, s\u00f3n tots uns grans artistes!!\ud83c\udfa8\ud83d\udc68\u200d\ud83c\udfa8\ud83d\udc69\u200d\ud83c\udfa8 \ud83c\udfa8 Han sortit arbres de Nadal, ninots de neu&#8230;.I aix\u00ed em pogut comen\u00e7ar a ambientar al menjador de l&#8217;escola, de la millor celebraci\u00f3 de [&hellip;]<\/p>\n","protected":false},"author":20,"featured_media":0,"comment_status":"open","ping_status":"open","sticky":false,"template":"","format":"standard","meta":{"_bbp_topic_count":0,"_bbp_reply_count":0,"_bbp_total_topic_count":0,"_bbp_total_reply_count":0,"_bbp_voice_count":0,"_bbp_anonymous_reply_count":0,"_bbp_topic_count_hidden":0,"_bbp_reply_count_hidden":0,"_bbp_forum_subforum_count":0,"site-sidebar-layout":"default","site-content-layout":"","ast-site-content-layout":"default","site-content-style":"default","site-sidebar-style":"default","ast-global-header-display":"","ast-banner-title-visibility":"","ast-main-header-display":"","ast-hfb-above-header-display":"","ast-hfb-below-header-display":"","ast-hfb-mobile-header-display":"","site-post-title":"","ast-breadcrumbs-content":"","ast-featured-img":"","footer-sml-layout":"","theme-transparent-header-meta":"default","adv-header-id-meta":"","stick-header-meta":"","header-above-stick-meta":"","header-main-stick-meta":"","header-below-stick-meta":"","astra-migrate-meta-layouts":"set","ast-page-background-enabled":"default","ast-page-background-meta":{"desktop":{"background-color":"var(--ast-global-color-4)","background-image":"","background-repeat":"repeat","background-position":"center center","background-size":"auto","background-attachment":"scroll","background-type":"","background-media":"","overlay-type":"","overlay-color":"","overlay-opacity":"","overlay-gradient":""},"tablet":{"background-color":"","background-image":"","background-repeat":"repeat","background-position":"center center","background-size":"auto","background-attachment":"scroll","background-type":"","background-media":"","overlay-type":"","overlay-color":"","overlay-opacity":"","overlay-gradient":""},"mobile":{"background-color":"","background-image":"","background-repeat":"repeat","background-position":"center center","background-size":"auto","background-attachment":"scroll","background-type":"","background-media":"","overlay-type":"","overlay-color":"","overlay-opacity":"","overlay-gradient":""}},"ast-content-background-meta":{"desktop":{"background-color":"var(--ast-global-color-5)","background-image":"","background-repeat":"repeat","background-position":"center center","background-size":"auto","background-attachment":"scroll","background-type":"","background-media":"","overlay-type":"","overlay-color":"","overlay-opacity":"","overlay-gradient":""},"tablet":{"background-color":"var(--ast-global-color-5)","background-image":"","background-repeat":"repeat","background-position":"center center","background-size":"auto","background-attachment":"scroll","background-type":"","background-media":"","overlay-type":"","overlay-color":"","overlay-opacity":"","overlay-gradient":""},"mobile":{"background-color":"var(--ast-global-color-5)","background-image":"","background-repeat":"repeat","background-position":"center center","background-size":"auto","background-attachment":"scroll","background-type":"","background-media":"","overlay-type":"","overlay-color":"","overlay-opacity":"","overlay-gradient":""}},"footnotes":""},"categories":[1,62,4],"tags":[],"class_list":["post-3761","post","type-post","status-publish","format-standard","hentry","category-general","category-menjador","category-portada"],"post_mailing_queue_ids":[],"_links":{"self":[{"href":"https:\/\/agora.xtec.cat\/esc-serradecollbas\/wp-json\/wp\/v2\/posts\/3761","targetHints":{"allow":["GET"]}}],"collection":[{"href":"https:\/\/agora.xtec.cat\/esc-serradecollbas\/wp-json\/wp\/v2\/posts"}],"about":[{"href":"https:\/\/agora.xtec.cat\/esc-serradecollbas\/wp-json\/wp\/v2\/types\/post"}],"author":[{"embeddable":true,"href":"https:\/\/agora.xtec.cat\/esc-serradecollbas\/wp-json\/wp\/v2\/users\/20"}],"replies":[{"embeddable":true,"href":"https:\/\/agora.xtec.cat\/esc-serradecollbas\/wp-json\/wp\/v2\/comments?post=3761"}],"version-history":[{"count":3,"href":"https:\/\/agora.xtec.cat\/esc-serradecollbas\/wp-json\/wp\/v2\/posts\/3761\/revisions"}],"predecessor-version":[{"id":3764,"href":"https:\/\/agora.xtec.cat\/esc-serradecollbas\/wp-json\/wp\/v2\/posts\/3761\/revisions\/3764"}],"wp:attachment":[{"href":"https:\/\/agora.xtec.cat\/esc-serradecollbas\/wp-json\/wp\/v2\/media?parent=3761"}],"wp:term":[{"taxonomy":"category","embeddable":true,"href":"https:\/\/agora.xtec.cat\/esc-serradecollbas\/wp-json\/wp\/v2\/categories?post=3761"},{"taxonomy":"post_tag","embeddable":true,"href":"https:\/\/agora.xtec.cat\/esc-serradecollbas\/wp-json\/wp\/v2\/tags?post=3761"}],"curies":[{"name":"wp","href":"https:\/\/api.w.org\/{rel}","templated":true}]}}