{"id":3723,"date":"2025-11-13T13:00:18","date_gmt":"2025-11-13T12:00:18","guid":{"rendered":"https:\/\/agora.xtec.cat\/esc-serradecollbas\/?p=3723"},"modified":"2025-11-12T15:29:06","modified_gmt":"2025-11-12T14:29:06","slug":"mobile-cicle-mitja","status":"publish","type":"post","link":"https:\/\/agora.xtec.cat\/esc-serradecollbas\/general\/mobile-cicle-mitja\/","title":{"rendered":"Mobile (Cicle Mitj\u00e0)"},"content":{"rendered":"<p><span style=\"font-weight: 400;\">Hello families!\ud83d\udc4b\u00a0<\/span><\/p>\n<p><span style=\"font-weight: 400;\">The boys and girls of 3rd and 4th grade have put their artistic and language skills into practice to create a very colorful mobile \ud83c\udf08 to decorate our room!<\/span><\/p>\n<p><span style=\"font-weight: 400;\">Once we had learned the days of the week, the colors\ud83d\udcc5\ud83c\udfa8, and some everyday actions, we wrote sentences \u270d\ufe0f and assembled our mobile!<\/span><\/p>\n<p><span style=\"font-weight: 400;\">Afterwards, we showed and presented it orally in front of the rest of the class!\ud83c\udfa4\ud83d\udc69\u200d\ud83c\udfeb\ud83d\udc68\u200d\ud83c\udfeb<\/span><\/p>\n<p><span style=\"font-weight: 400;\">Here you can see some pictures of the process!\ud83d\udcf8\u00a0\u00a0<a href=\"https:\/\/photos.app.goo.gl\/EfWzKQQpx3xgzvmt8\">Mobile &#8211; CM<\/a><\/span><\/p>\n<hr \/>\n<p><span style=\"font-weight: 400;\">Hola, fam\u00edlies!\ud83d\udc4b\u00a0<\/span><\/p>\n<p><span style=\"font-weight: 400;\">Els nens i les nenes de 3r i 4t hem posat en pr\u00e0ctica les nostres habilitats art\u00edstiques i ling\u00fc\u00edstiques per crear un m\u00f2bil molt colorit \ud83c\udf08 per decorar la nostra habitaci\u00f3!<\/span><\/p>\n<p><span style=\"font-weight: 400;\">Un cop apresos els dies de la setmana, els colors \ud83d\udcc5\ud83c\udfa8i algunes accions que fem quotidianament, hem escrit frases \u270d\ufe0f i hem muntat el nostre m\u00f2bil!<\/span><span style=\"font-weight: 400;\"><br \/>\n<\/span><span style=\"font-weight: 400;\">Despr\u00e9s, l\u2019hem ensenyat i presentat davant de la resta de la classe en veu alta!\ud83c\udfa4\ud83d\udc69\u200d\ud83c\udfeb\ud83d\udc68\u200d\ud83c\udfeb<\/span><\/p>\n<p><span style=\"font-weight: 400;\">Aqu\u00ed podeu veure algunes imatges del proc\u00e9s!\ud83d\udcf8 <a href=\"https:\/\/photos.app.goo.gl\/EfWzKQQpx3xgzvmt8\">Mobile &#8211; CM<\/a><\/span><\/p>\n","protected":false},"excerpt":{"rendered":"<p>Hello families!\ud83d\udc4b\u00a0 The boys and girls of 3rd and 4th grade have put their artistic and language skills into practice to create a very colorful mobile \ud83c\udf08 to decorate our room! Once we had learned the days of the week, the colors\ud83d\udcc5\ud83c\udfa8, and some everyday actions, we wrote sentences \u270d\ufe0f and assembled our mobile! Afterwards, [&hellip;]<\/p>\n","protected":false},"author":21,"featured_media":0,"comment_status":"open","ping_status":"open","sticky":false,"template":"","format":"standard","meta":{"_bbp_topic_count":0,"_bbp_reply_count":0,"_bbp_total_topic_count":0,"_bbp_total_reply_count":0,"_bbp_voice_count":0,"_bbp_anonymous_reply_count":0,"_bbp_topic_count_hidden":0,"_bbp_reply_count_hidden":0,"_bbp_forum_subforum_count":0,"site-sidebar-layout":"default","site-content-layout":"","ast-site-content-layout":"default","site-content-style":"default","site-sidebar-style":"default","ast-global-header-display":"","ast-banner-title-visibility":"","ast-main-header-display":"","ast-hfb-above-header-display":"","ast-hfb-below-header-display":"","ast-hfb-mobile-header-display":"","site-post-title":"","ast-breadcrumbs-content":"","ast-featured-img":"","footer-sml-layout":"","theme-transparent-header-meta":"default","adv-header-id-meta":"","stick-header-meta":"","header-above-stick-meta":"","header-main-stick-meta":"","header-below-stick-meta":"","astra-migrate-meta-layouts":"set","ast-page-background-enabled":"default","ast-page-background-meta":{"desktop":{"background-color":"var(--ast-global-color-4)","background-image":"","background-repeat":"repeat","background-position":"center center","background-size":"auto","background-attachment":"scroll","background-type":"","background-media":"","overlay-type":"","overlay-color":"","overlay-opacity":"","overlay-gradient":""},"tablet":{"background-color":"","background-image":"","background-repeat":"repeat","background-position":"center center","background-size":"auto","background-attachment":"scroll","background-type":"","background-media":"","overlay-type":"","overlay-color":"","overlay-opacity":"","overlay-gradient":""},"mobile":{"background-color":"","background-image":"","background-repeat":"repeat","background-position":"center center","background-size":"auto","background-attachment":"scroll","background-type":"","background-media":"","overlay-type":"","overlay-color":"","overlay-opacity":"","overlay-gradient":""}},"ast-content-background-meta":{"desktop":{"background-color":"var(--ast-global-color-5)","background-image":"","background-repeat":"repeat","background-position":"center center","background-size":"auto","background-attachment":"scroll","background-type":"","background-media":"","overlay-type":"","overlay-color":"","overlay-opacity":"","overlay-gradient":""},"tablet":{"background-color":"var(--ast-global-color-5)","background-image":"","background-repeat":"repeat","background-position":"center center","background-size":"auto","background-attachment":"scroll","background-type":"","background-media":"","overlay-type":"","overlay-color":"","overlay-opacity":"","overlay-gradient":""},"mobile":{"background-color":"var(--ast-global-color-5)","background-image":"","background-repeat":"repeat","background-position":"center center","background-size":"auto","background-attachment":"scroll","background-type":"","background-media":"","overlay-type":"","overlay-color":"","overlay-opacity":"","overlay-gradient":""}},"footnotes":""},"categories":[74,12,1,4,5],"tags":[],"class_list":["post-3723","post","type-post","status-publish","format-standard","hentry","category-angles","category-3r-4t","category-general","category-portada","category-primaria"],"post_mailing_queue_ids":[],"_links":{"self":[{"href":"https:\/\/agora.xtec.cat\/esc-serradecollbas\/wp-json\/wp\/v2\/posts\/3723","targetHints":{"allow":["GET"]}}],"collection":[{"href":"https:\/\/agora.xtec.cat\/esc-serradecollbas\/wp-json\/wp\/v2\/posts"}],"about":[{"href":"https:\/\/agora.xtec.cat\/esc-serradecollbas\/wp-json\/wp\/v2\/types\/post"}],"author":[{"embeddable":true,"href":"https:\/\/agora.xtec.cat\/esc-serradecollbas\/wp-json\/wp\/v2\/users\/21"}],"replies":[{"embeddable":true,"href":"https:\/\/agora.xtec.cat\/esc-serradecollbas\/wp-json\/wp\/v2\/comments?post=3723"}],"version-history":[{"count":2,"href":"https:\/\/agora.xtec.cat\/esc-serradecollbas\/wp-json\/wp\/v2\/posts\/3723\/revisions"}],"predecessor-version":[{"id":3725,"href":"https:\/\/agora.xtec.cat\/esc-serradecollbas\/wp-json\/wp\/v2\/posts\/3723\/revisions\/3725"}],"wp:attachment":[{"href":"https:\/\/agora.xtec.cat\/esc-serradecollbas\/wp-json\/wp\/v2\/media?parent=3723"}],"wp:term":[{"taxonomy":"category","embeddable":true,"href":"https:\/\/agora.xtec.cat\/esc-serradecollbas\/wp-json\/wp\/v2\/categories?post=3723"},{"taxonomy":"post_tag","embeddable":true,"href":"https:\/\/agora.xtec.cat\/esc-serradecollbas\/wp-json\/wp\/v2\/tags?post=3723"}],"curies":[{"name":"wp","href":"https:\/\/api.w.org\/{rel}","templated":true}]}}