{"id":3651,"date":"2025-10-10T15:30:15","date_gmt":"2025-10-10T13:30:15","guid":{"rendered":"https:\/\/agora.xtec.cat\/esc-serradecollbas\/?p=3651"},"modified":"2025-10-10T15:34:16","modified_gmt":"2025-10-10T13:34:16","slug":"padrins-es-lectors-es-curs-25-26","status":"publish","type":"post","link":"https:\/\/agora.xtec.cat\/esc-serradecollbas\/general\/padrins-es-lectors-es-curs-25-26\/","title":{"rendered":"PADRINS\/ES LECTORS\/ES CURS 25\/26"},"content":{"rendered":"<p>Bona tarda fam\u00edlies,<\/p>\n<p data-start=\"231\" data-end=\"515\">Aquest dimecres vam donar el tret de sortida a una de les activitats m\u00e9s especials del curs: &#8220;els padrins\/es lectors\/es&#8221;. Ens vam reunir tots plegats al porxo de l\u2019escola per con\u00e8ixer quines serien les parelles i trios que compartiran aquesta aventura lectora al llarg dels propers mesos.<\/p>\n<p data-start=\"517\" data-end=\"893\">Va ser un moment molt emocionant i ple d\u2019il\u00b7lusi\u00f3. Els padrins i padrines, amb moltes ganes d\u2019acompanyar els seus fillols i filloles en el m\u00f3n de la lectura, es van presentar i van compartir els seus primers moments junts. Els m\u00e9s petits tamb\u00e9 estaven molt contents i emocionats per comen\u00e7ar aquesta activitat que, de ben segur, far\u00e0 cr\u00e9ixer encara m\u00e9s el seu gust per llegir.<\/p>\n<p data-start=\"895\" data-end=\"1151\">Aquest primer contacte va ser molt bonic i emotiu, i va permetre crear un clima de confian\u00e7a i complicitat que ens acompanyar\u00e0 a cada trobada. Estem segurs que aquesta experi\u00e8ncia ser\u00e0 enriquidora per a tothom i que ens regalar\u00e0 moments molt especials!<\/p>\n<p data-start=\"895\" data-end=\"1151\">Voleu veure les seves cares? Doncs cliqueu el seg\u00fcent enlla\u00e7:<\/p>\n<p data-start=\"895\" data-end=\"1151\"><a href=\"https:\/\/photos.app.goo.gl\/D7M9Lt1xddoSHAy86\">PADRINS\/ES &amp; FILLOLS\/ES<\/a><\/p>\n<p data-start=\"895\" data-end=\"1151\">Bon cap de setmana!<\/p>\n","protected":false},"excerpt":{"rendered":"<p>Bona tarda fam\u00edlies, Aquest dimecres vam donar el tret de sortida a una de les activitats m\u00e9s especials del curs: &#8220;els padrins\/es lectors\/es&#8221;. Ens vam reunir tots plegats al porxo de l\u2019escola per con\u00e8ixer quines serien les parelles i trios que compartiran aquesta aventura lectora al llarg dels propers mesos. Va ser un moment molt [&hellip;]<\/p>\n","protected":false},"author":7,"featured_media":0,"comment_status":"open","ping_status":"open","sticky":false,"template":"","format":"standard","meta":{"_bbp_topic_count":0,"_bbp_reply_count":0,"_bbp_total_topic_count":0,"_bbp_total_reply_count":0,"_bbp_voice_count":0,"_bbp_anonymous_reply_count":0,"_bbp_topic_count_hidden":0,"_bbp_reply_count_hidden":0,"_bbp_forum_subforum_count":0,"site-sidebar-layout":"default","site-content-layout":"","ast-site-content-layout":"","site-content-style":"default","site-sidebar-style":"default","ast-global-header-display":"","ast-banner-title-visibility":"","ast-main-header-display":"","ast-hfb-above-header-display":"","ast-hfb-below-header-display":"","ast-hfb-mobile-header-display":"","site-post-title":"","ast-breadcrumbs-content":"","ast-featured-img":"","footer-sml-layout":"","theme-transparent-header-meta":"","adv-header-id-meta":"","stick-header-meta":"","header-above-stick-meta":"","header-main-stick-meta":"","header-below-stick-meta":"","astra-migrate-meta-layouts":"default","ast-page-background-enabled":"default","ast-page-background-meta":{"desktop":{"background-color":"var(--ast-global-color-4)","background-image":"","background-repeat":"repeat","background-position":"center center","background-size":"auto","background-attachment":"scroll","background-type":"","background-media":"","overlay-type":"","overlay-color":"","overlay-opacity":"","overlay-gradient":""},"tablet":{"background-color":"","background-image":"","background-repeat":"repeat","background-position":"center center","background-size":"auto","background-attachment":"scroll","background-type":"","background-media":"","overlay-type":"","overlay-color":"","overlay-opacity":"","overlay-gradient":""},"mobile":{"background-color":"","background-image":"","background-repeat":"repeat","background-position":"center center","background-size":"auto","background-attachment":"scroll","background-type":"","background-media":"","overlay-type":"","overlay-color":"","overlay-opacity":"","overlay-gradient":""}},"ast-content-background-meta":{"desktop":{"background-color":"var(--ast-global-color-5)","background-image":"","background-repeat":"repeat","background-position":"center center","background-size":"auto","background-attachment":"scroll","background-type":"","background-media":"","overlay-type":"","overlay-color":"","overlay-opacity":"","overlay-gradient":""},"tablet":{"background-color":"var(--ast-global-color-5)","background-image":"","background-repeat":"repeat","background-position":"center center","background-size":"auto","background-attachment":"scroll","background-type":"","background-media":"","overlay-type":"","overlay-color":"","overlay-opacity":"","overlay-gradient":""},"mobile":{"background-color":"var(--ast-global-color-5)","background-image":"","background-repeat":"repeat","background-position":"center center","background-size":"auto","background-attachment":"scroll","background-type":"","background-media":"","overlay-type":"","overlay-color":"","overlay-opacity":"","overlay-gradient":""}},"footnotes":""},"categories":[10,12,15,1,2,4,5],"tags":[],"class_list":["post-3651","post","type-post","status-publish","format-standard","hentry","category-1r-2n","category-3r-4t","category-5e-6e","category-general","category-infantil","category-portada","category-primaria"],"post_mailing_queue_ids":[],"_links":{"self":[{"href":"https:\/\/agora.xtec.cat\/esc-serradecollbas\/wp-json\/wp\/v2\/posts\/3651","targetHints":{"allow":["GET"]}}],"collection":[{"href":"https:\/\/agora.xtec.cat\/esc-serradecollbas\/wp-json\/wp\/v2\/posts"}],"about":[{"href":"https:\/\/agora.xtec.cat\/esc-serradecollbas\/wp-json\/wp\/v2\/types\/post"}],"author":[{"embeddable":true,"href":"https:\/\/agora.xtec.cat\/esc-serradecollbas\/wp-json\/wp\/v2\/users\/7"}],"replies":[{"embeddable":true,"href":"https:\/\/agora.xtec.cat\/esc-serradecollbas\/wp-json\/wp\/v2\/comments?post=3651"}],"version-history":[{"count":3,"href":"https:\/\/agora.xtec.cat\/esc-serradecollbas\/wp-json\/wp\/v2\/posts\/3651\/revisions"}],"predecessor-version":[{"id":3654,"href":"https:\/\/agora.xtec.cat\/esc-serradecollbas\/wp-json\/wp\/v2\/posts\/3651\/revisions\/3654"}],"wp:attachment":[{"href":"https:\/\/agora.xtec.cat\/esc-serradecollbas\/wp-json\/wp\/v2\/media?parent=3651"}],"wp:term":[{"taxonomy":"category","embeddable":true,"href":"https:\/\/agora.xtec.cat\/esc-serradecollbas\/wp-json\/wp\/v2\/categories?post=3651"},{"taxonomy":"post_tag","embeddable":true,"href":"https:\/\/agora.xtec.cat\/esc-serradecollbas\/wp-json\/wp\/v2\/tags?post=3651"}],"curies":[{"name":"wp","href":"https:\/\/api.w.org\/{rel}","templated":true}]}}