{"id":3625,"date":"2025-10-02T23:23:03","date_gmt":"2025-10-02T21:23:03","guid":{"rendered":"https:\/\/agora.xtec.cat\/esc-serradecollbas\/?p=3625"},"modified":"2025-10-02T23:23:03","modified_gmt":"2025-10-02T21:23:03","slug":"recepta-de-la-pau","status":"publish","type":"post","link":"https:\/\/agora.xtec.cat\/esc-serradecollbas\/general\/recepta-de-la-pau\/","title":{"rendered":"RECEPTA DE LA PAU"},"content":{"rendered":"<p style=\"text-align: left;\">Bona nit fam\u00edlies,<\/p>\n<p style=\"text-align: left;\">Avui, a l\u2019escola, hem dedicat una part del dia a reflexionar sobre la Pau. En un moment en qu\u00e8 al m\u00f3n hi ha conflictes, com el que est\u00e0 vivint Palestina, hem volgut recordar la import\u00e0ncia de defensar la conviv\u00e8ncia, el respecte i la solidaritat.<\/p>\n<p style=\"text-align: left;\">Aix\u00ed doncs, els nens i nenes han participat en una activitat\u00a0 molt especial: han visionat un documental de l&#8217;Info K que parlava sobre aquest tema, han reflexionat sobre el que \u00e9s la Pau, han compartit idees i entre tots i totes, han creat diferents receptes de la Pau.<\/p>\n<p style=\"text-align: left;\">Ha estat molt emocionant veure com els infants, amb la seva mirada sincera, han sabut expressar que la Pau no \u00e9s nom\u00e9s l\u2019abs\u00e8ncia de guerra, sin\u00f3 tamb\u00e9 l\u2019amistat, l\u2019ajuda m\u00fatua i el respecte entre tots i totes.<\/p>\n<p style=\"text-align: left;\">Per tant, volem que aquest missatge arribi m\u00e9s enll\u00e0 de les parets de l\u2019escola: som petits, per\u00f2 junts podem construir un m\u00f3n m\u00e9s just i pac\u00edfic.<\/p>\n<p style=\"text-align: left;\">Per un futur millor!<\/p>\n<p>Voleu veure-ho? Doncs cliqueu el seg\u00fcent enlla\u00e7:<\/p>\n<p><a href=\"https:\/\/photos.app.goo.gl\/KW7FEYZXG45dj3pd7\">RECEPTA DE LA PAU<\/a><\/p>\n","protected":false},"excerpt":{"rendered":"<p>Bona nit fam\u00edlies, Avui, a l\u2019escola, hem dedicat una part del dia a reflexionar sobre la Pau. En un moment en qu\u00e8 al m\u00f3n hi ha conflictes, com el que est\u00e0 vivint Palestina, hem volgut recordar la import\u00e0ncia de defensar la conviv\u00e8ncia, el respecte i la solidaritat. Aix\u00ed doncs, els nens i nenes han participat [&hellip;]<\/p>\n","protected":false},"author":7,"featured_media":0,"comment_status":"open","ping_status":"open","sticky":false,"template":"","format":"standard","meta":{"_bbp_topic_count":0,"_bbp_reply_count":0,"_bbp_total_topic_count":0,"_bbp_total_reply_count":0,"_bbp_voice_count":0,"_bbp_anonymous_reply_count":0,"_bbp_topic_count_hidden":0,"_bbp_reply_count_hidden":0,"_bbp_forum_subforum_count":0,"site-sidebar-layout":"default","site-content-layout":"","ast-site-content-layout":"","site-content-style":"default","site-sidebar-style":"default","ast-global-header-display":"","ast-banner-title-visibility":"","ast-main-header-display":"","ast-hfb-above-header-display":"","ast-hfb-below-header-display":"","ast-hfb-mobile-header-display":"","site-post-title":"","ast-breadcrumbs-content":"","ast-featured-img":"","footer-sml-layout":"","theme-transparent-header-meta":"","adv-header-id-meta":"","stick-header-meta":"","header-above-stick-meta":"","header-main-stick-meta":"","header-below-stick-meta":"","astra-migrate-meta-layouts":"default","ast-page-background-enabled":"default","ast-page-background-meta":{"desktop":{"background-color":"var(--ast-global-color-4)","background-image":"","background-repeat":"repeat","background-position":"center center","background-size":"auto","background-attachment":"scroll","background-type":"","background-media":"","overlay-type":"","overlay-color":"","overlay-opacity":"","overlay-gradient":""},"tablet":{"background-color":"","background-image":"","background-repeat":"repeat","background-position":"center center","background-size":"auto","background-attachment":"scroll","background-type":"","background-media":"","overlay-type":"","overlay-color":"","overlay-opacity":"","overlay-gradient":""},"mobile":{"background-color":"","background-image":"","background-repeat":"repeat","background-position":"center center","background-size":"auto","background-attachment":"scroll","background-type":"","background-media":"","overlay-type":"","overlay-color":"","overlay-opacity":"","overlay-gradient":""}},"ast-content-background-meta":{"desktop":{"background-color":"var(--ast-global-color-5)","background-image":"","background-repeat":"repeat","background-position":"center center","background-size":"auto","background-attachment":"scroll","background-type":"","background-media":"","overlay-type":"","overlay-color":"","overlay-opacity":"","overlay-gradient":""},"tablet":{"background-color":"var(--ast-global-color-5)","background-image":"","background-repeat":"repeat","background-position":"center center","background-size":"auto","background-attachment":"scroll","background-type":"","background-media":"","overlay-type":"","overlay-color":"","overlay-opacity":"","overlay-gradient":""},"mobile":{"background-color":"var(--ast-global-color-5)","background-image":"","background-repeat":"repeat","background-position":"center center","background-size":"auto","background-attachment":"scroll","background-type":"","background-media":"","overlay-type":"","overlay-color":"","overlay-opacity":"","overlay-gradient":""}},"footnotes":""},"categories":[10,12,15,1,2,4,5],"tags":[],"class_list":["post-3625","post","type-post","status-publish","format-standard","hentry","category-1r-2n","category-3r-4t","category-5e-6e","category-general","category-infantil","category-portada","category-primaria"],"post_mailing_queue_ids":[],"_links":{"self":[{"href":"https:\/\/agora.xtec.cat\/esc-serradecollbas\/wp-json\/wp\/v2\/posts\/3625","targetHints":{"allow":["GET"]}}],"collection":[{"href":"https:\/\/agora.xtec.cat\/esc-serradecollbas\/wp-json\/wp\/v2\/posts"}],"about":[{"href":"https:\/\/agora.xtec.cat\/esc-serradecollbas\/wp-json\/wp\/v2\/types\/post"}],"author":[{"embeddable":true,"href":"https:\/\/agora.xtec.cat\/esc-serradecollbas\/wp-json\/wp\/v2\/users\/7"}],"replies":[{"embeddable":true,"href":"https:\/\/agora.xtec.cat\/esc-serradecollbas\/wp-json\/wp\/v2\/comments?post=3625"}],"version-history":[{"count":2,"href":"https:\/\/agora.xtec.cat\/esc-serradecollbas\/wp-json\/wp\/v2\/posts\/3625\/revisions"}],"predecessor-version":[{"id":3627,"href":"https:\/\/agora.xtec.cat\/esc-serradecollbas\/wp-json\/wp\/v2\/posts\/3625\/revisions\/3627"}],"wp:attachment":[{"href":"https:\/\/agora.xtec.cat\/esc-serradecollbas\/wp-json\/wp\/v2\/media?parent=3625"}],"wp:term":[{"taxonomy":"category","embeddable":true,"href":"https:\/\/agora.xtec.cat\/esc-serradecollbas\/wp-json\/wp\/v2\/categories?post=3625"},{"taxonomy":"post_tag","embeddable":true,"href":"https:\/\/agora.xtec.cat\/esc-serradecollbas\/wp-json\/wp\/v2\/tags?post=3625"}],"curies":[{"name":"wp","href":"https:\/\/api.w.org\/{rel}","templated":true}]}}