{"id":3546,"date":"2025-05-06T16:13:47","date_gmt":"2025-05-06T14:13:47","guid":{"rendered":"https:\/\/agora.xtec.cat\/esc-serradecollbas\/?p=3546"},"modified":"2025-05-06T16:13:47","modified_gmt":"2025-05-06T14:13:47","slug":"cicle-superior-cap-a-la-fira-faig","status":"publish","type":"post","link":"https:\/\/agora.xtec.cat\/esc-serradecollbas\/portada\/cicle-superior-cap-a-la-fira-faig\/","title":{"rendered":"CICLE SUPERIOR CAP A LA FIRA FAIG!"},"content":{"rendered":"<p><strong>Quina Il\u00b7lusi\u00f3 ens fa compartir aquesta noticia amb tots vosaltres!<\/strong><\/p>\n<p>Alguns deveu saber que l&#8217;escola est\u00e0 immersa en un programa d&#8217;innovaci\u00f3 educativa que es diu FAIG. Aquest programa ens ha portat durant aquest curs i els propers dos cursos a treballar, coordinar, compartir, investigar el treball per projecte de manera que els vinculi a realitats socials properes i en puguem proposar solucions.<\/p>\n<p>Al llarg del segon i tercer trimestre els projectes que hem dut a terme s\u00f3n els seg\u00fcents:<\/p>\n<ul>\n<li>Classe de les l\u00ednies: I jo, d&#8217;\u00f3n vinc?<\/li>\n<li>Classe dels Policubs: Per qu\u00e8 ens cauen les dents?<\/li>\n<li>Classe dels T\u00e0ngrams: Com hauria de ser un bon vaixell sostenible?<\/li>\n<li>Classe del nombre Pi: Com podr\u00edem ajudar els gats de Carme?<\/li>\n<\/ul>\n<p>Ha esta un curs intens, amb moltes hores de formaci\u00f3 i amb moltes ganes de continuar avan\u00e7ant en aquest repte.<\/p>\n<p>I un gran repte que se&#8217;ns presenta ara, el 29 de maig, \u00e9s que el grup de Cicle Superior de l&#8217;escola seran els encarregats\u00a0 de presentar el seu projecte a la Fira Faig que es celebrar\u00e0 a la Masia Cabanyes de Vilanova i la Geltr\u00fa.<\/p>\n<p>Ens fa molt\u00edssima il\u00b7lusi\u00f3 i alhora respecte. Ser\u00e0 un bon moment per creure&#8217;ns la feina que hem fet i sobretot, compartir-la amb els companys d&#8217;altres escoles que fan aquest viatge Faig amb nosaltres.<\/p>\n<p>Us anirem informant&#8230;<\/p>\n<p><img loading=\"lazy\" decoding=\"async\" class=\"\" src=\"https:\/\/serveiseducatius.xtec.cat\/baixllobregat2\/wp-content\/uploads\/usu760\/2025\/04\/FAIG.png\" alt=\"FIRA DE PROJECTES FAIG 2025 a Castelldefels \u2013 Baix Llobregat II\" width=\"439\" height=\"175\" \/><\/p>\n","protected":false},"excerpt":{"rendered":"<p>Quina Il\u00b7lusi\u00f3 ens fa compartir aquesta noticia amb tots vosaltres! Alguns deveu saber que l&#8217;escola est\u00e0 immersa en un programa d&#8217;innovaci\u00f3 educativa que es diu FAIG. Aquest programa ens ha portat durant aquest curs i els propers dos cursos a treballar, coordinar, compartir, investigar el treball per projecte de manera que els vinculi a realitats [&hellip;]<\/p>\n","protected":false},"author":1,"featured_media":0,"comment_status":"open","ping_status":"closed","sticky":false,"template":"","format":"standard","meta":{"_bbp_topic_count":0,"_bbp_reply_count":0,"_bbp_total_topic_count":0,"_bbp_total_reply_count":0,"_bbp_voice_count":0,"_bbp_anonymous_reply_count":0,"_bbp_topic_count_hidden":0,"_bbp_reply_count_hidden":0,"_bbp_forum_subforum_count":0,"site-sidebar-layout":"default","site-content-layout":"","ast-site-content-layout":"","site-content-style":"default","site-sidebar-style":"default","ast-global-header-display":"","ast-banner-title-visibility":"","ast-main-header-display":"","ast-hfb-above-header-display":"","ast-hfb-below-header-display":"","ast-hfb-mobile-header-display":"","site-post-title":"","ast-breadcrumbs-content":"","ast-featured-img":"","footer-sml-layout":"","theme-transparent-header-meta":"","adv-header-id-meta":"","stick-header-meta":"","header-above-stick-meta":"","header-main-stick-meta":"","header-below-stick-meta":"","astra-migrate-meta-layouts":"default","ast-page-background-enabled":"default","ast-page-background-meta":{"desktop":{"background-color":"var(--ast-global-color-4)","background-image":"","background-repeat":"repeat","background-position":"center center","background-size":"auto","background-attachment":"scroll","background-type":"","background-media":"","overlay-type":"","overlay-color":"","overlay-opacity":"","overlay-gradient":""},"tablet":{"background-color":"","background-image":"","background-repeat":"repeat","background-position":"center center","background-size":"auto","background-attachment":"scroll","background-type":"","background-media":"","overlay-type":"","overlay-color":"","overlay-opacity":"","overlay-gradient":""},"mobile":{"background-color":"","background-image":"","background-repeat":"repeat","background-position":"center center","background-size":"auto","background-attachment":"scroll","background-type":"","background-media":"","overlay-type":"","overlay-color":"","overlay-opacity":"","overlay-gradient":""}},"ast-content-background-meta":{"desktop":{"background-color":"var(--ast-global-color-5)","background-image":"","background-repeat":"repeat","background-position":"center center","background-size":"auto","background-attachment":"scroll","background-type":"","background-media":"","overlay-type":"","overlay-color":"","overlay-opacity":"","overlay-gradient":""},"tablet":{"background-color":"var(--ast-global-color-5)","background-image":"","background-repeat":"repeat","background-position":"center center","background-size":"auto","background-attachment":"scroll","background-type":"","background-media":"","overlay-type":"","overlay-color":"","overlay-opacity":"","overlay-gradient":""},"mobile":{"background-color":"var(--ast-global-color-5)","background-image":"","background-repeat":"repeat","background-position":"center center","background-size":"auto","background-attachment":"scroll","background-type":"","background-media":"","overlay-type":"","overlay-color":"","overlay-opacity":"","overlay-gradient":""}},"footnotes":""},"categories":[15,4,5,72],"tags":[],"class_list":["post-3546","post","type-post","status-publish","format-standard","hentry","category-5e-6e","category-portada","category-primaria","category-projecte-faig"],"post_mailing_queue_ids":[],"_links":{"self":[{"href":"https:\/\/agora.xtec.cat\/esc-serradecollbas\/wp-json\/wp\/v2\/posts\/3546","targetHints":{"allow":["GET"]}}],"collection":[{"href":"https:\/\/agora.xtec.cat\/esc-serradecollbas\/wp-json\/wp\/v2\/posts"}],"about":[{"href":"https:\/\/agora.xtec.cat\/esc-serradecollbas\/wp-json\/wp\/v2\/types\/post"}],"author":[{"embeddable":true,"href":"https:\/\/agora.xtec.cat\/esc-serradecollbas\/wp-json\/wp\/v2\/users\/1"}],"replies":[{"embeddable":true,"href":"https:\/\/agora.xtec.cat\/esc-serradecollbas\/wp-json\/wp\/v2\/comments?post=3546"}],"version-history":[{"count":1,"href":"https:\/\/agora.xtec.cat\/esc-serradecollbas\/wp-json\/wp\/v2\/posts\/3546\/revisions"}],"predecessor-version":[{"id":3547,"href":"https:\/\/agora.xtec.cat\/esc-serradecollbas\/wp-json\/wp\/v2\/posts\/3546\/revisions\/3547"}],"wp:attachment":[{"href":"https:\/\/agora.xtec.cat\/esc-serradecollbas\/wp-json\/wp\/v2\/media?parent=3546"}],"wp:term":[{"taxonomy":"category","embeddable":true,"href":"https:\/\/agora.xtec.cat\/esc-serradecollbas\/wp-json\/wp\/v2\/categories?post=3546"},{"taxonomy":"post_tag","embeddable":true,"href":"https:\/\/agora.xtec.cat\/esc-serradecollbas\/wp-json\/wp\/v2\/tags?post=3546"}],"curies":[{"name":"wp","href":"https:\/\/api.w.org\/{rel}","templated":true}]}}