{"id":3295,"date":"2024-11-26T10:29:43","date_gmt":"2024-11-26T09:29:43","guid":{"rendered":"https:\/\/agora.xtec.cat\/esc-serradecollbas\/?p=3295"},"modified":"2024-11-26T10:29:43","modified_gmt":"2024-11-26T09:29:43","slug":"santa-cecilia-a-lescola-4","status":"publish","type":"post","link":"https:\/\/agora.xtec.cat\/esc-serradecollbas\/general\/santa-cecilia-a-lescola-4\/","title":{"rendered":"SANTA CEC\u00cdLIA A L&#8217;ESCOLA"},"content":{"rendered":"<p>Aquesta setmana passada vam celebrar Santa Cec\u00edlia, patrona de la m\u00fasica, a l&#8217;escola.<\/p>\n<p>Ho vam fer de dues maneres.<\/p>\n<p>En primer lloc tots els alumnes de prim\u00e0ria vam poder realitzar un taller de beat box amb en Guillem Cardona, campi\u00f3 d&#8217;Espanya en aquesta modalitat i entre els vuit millors a escala mundial.<\/p>\n<p>Si el voleu con\u00e8ixer, aquest \u00e9s el seu instagram<\/p>\n<p>https:\/\/www.instagram.com\/cardona.wav\/<\/p>\n<p>Ens ho vam passar molt b\u00e9 i en vam aprendre un munt!<\/p>\n<p>Els alumnes d&#8217;infantil vam celebrar Santa Cec\u00edlia amb uns jocs musicals que ens havien preparat els grans de l&#8217;escola. Que b\u00e9 que ens ho vam passar. Ens encanta compartir estones plegats.<\/p>\n<p>Visca la m\u00fasica!<\/p>\n<p data-wp-editing=\"1\"><a href=\"https:\/\/agora.xtec.cat\/esc-serradecollbas\/wp-content\/uploads\/usu2044\/2024\/11\/20241119_113354-scaled.jpg\"><img loading=\"lazy\" decoding=\"async\" class=\"aligncenter  wp-image-3296\" src=\"https:\/\/agora.xtec.cat\/esc-serradecollbas\/wp-content\/uploads\/usu2044\/2024\/11\/20241119_113354-scaled.jpg\" alt=\"\" width=\"564\" height=\"423\" srcset=\"https:\/\/agora.xtec.cat\/esc-serradecollbas\/wp-content\/uploads\/usu2044\/2024\/11\/20241119_113354-scaled.jpg 2560w, https:\/\/agora.xtec.cat\/esc-serradecollbas\/wp-content\/uploads\/usu2044\/2024\/11\/20241119_113354-300x225.jpg 300w, https:\/\/agora.xtec.cat\/esc-serradecollbas\/wp-content\/uploads\/usu2044\/2024\/11\/20241119_113354-1024x768.jpg 1024w, https:\/\/agora.xtec.cat\/esc-serradecollbas\/wp-content\/uploads\/usu2044\/2024\/11\/20241119_113354-768x576.jpg 768w, https:\/\/agora.xtec.cat\/esc-serradecollbas\/wp-content\/uploads\/usu2044\/2024\/11\/20241119_113354-1536x1152.jpg 1536w, https:\/\/agora.xtec.cat\/esc-serradecollbas\/wp-content\/uploads\/usu2044\/2024\/11\/20241119_113354-2048x1536.jpg 2048w, https:\/\/agora.xtec.cat\/esc-serradecollbas\/wp-content\/uploads\/usu2044\/2024\/11\/20241119_113354-200x150.jpg 200w\" sizes=\"auto, (max-width: 564px) 100vw, 564px\" \/><\/a><\/p>\n<p><a href=\"https:\/\/photos.app.goo.gl\/4u1M9fwUJGNAubcJ6\">\u00a0 \u00a0 \u00a0 \u00a0 \u00a0 \u00a0 \u00a0 \u00a0 \u00a0 \u00a0 \u00a0 \u00a0 \u00a0 \u00a0 \u00a0 \u00a0 \u00a0 \u00a0 \u00a0 \u00a0 \u00a0 \u00a0 \u00a0 \u00a0 \u00a0 \u00a0 \u00a0 \u00a0 \u00a0 \u00a0 \u00a0 \u00a0 \u00a0 \u00a0 \u00a0 \u00a0 \u00a0FOTOS DE SANTA CEC\u00cdLIA 2024\u00a0\u00a0\u00a0\u00a0\u00a0\u00a0\u00a0\u00a0\u00a0\u00a0\u00a0\u00a0\u00a0\u00a0\u00a0\u00a0\u00a0\u00a0\u00a0\u00a0\u00a0\u00a0\u00a0\u00a0\u00a0\u00a0\u00a0\u00a0\u00a0\u00a0\u00a0\u00a0\u00a0\u00a0\u00a0\u00a0\u00a0\u00a0\u00a0\u00a0\u00a0\u00a0\u00a0\u00a0\u00a0\u00a0\u00a0\u00a0\u00a0\u00a0\u00a0\u00a0\u00a0\u00a0\u00a0\u00a0\u00a0\u00a0\u00a0\u00a0\u00a0\u00a0\u00a0\u00a0\u00a0\u00a0\u00a0\u00a0\u00a0\u00a0\u00a0\u00a0\u00a0\u00a0\u00a0<\/a><\/p>\n<p>&nbsp;<\/p>\n<p>&nbsp;<\/p>\n<p>&nbsp;<\/p>\n<p>&nbsp;<\/p>\n","protected":false},"excerpt":{"rendered":"<p>Aquesta setmana passada vam celebrar Santa Cec\u00edlia, patrona de la m\u00fasica, a l&#8217;escola. Ho vam fer de dues maneres. En primer lloc tots els alumnes de prim\u00e0ria vam poder realitzar un taller de beat box amb en Guillem Cardona, campi\u00f3 d&#8217;Espanya en aquesta modalitat i entre els vuit millors a escala mundial. Si el voleu [&hellip;]<\/p>\n","protected":false},"author":1,"featured_media":0,"comment_status":"open","ping_status":"closed","sticky":false,"template":"","format":"standard","meta":{"_bbp_topic_count":0,"_bbp_reply_count":0,"_bbp_total_topic_count":0,"_bbp_total_reply_count":0,"_bbp_voice_count":0,"_bbp_anonymous_reply_count":0,"_bbp_topic_count_hidden":0,"_bbp_reply_count_hidden":0,"_bbp_forum_subforum_count":0,"site-sidebar-layout":"default","site-content-layout":"","ast-site-content-layout":"","site-content-style":"default","site-sidebar-style":"default","ast-global-header-display":"","ast-banner-title-visibility":"","ast-main-header-display":"","ast-hfb-above-header-display":"","ast-hfb-below-header-display":"","ast-hfb-mobile-header-display":"","site-post-title":"","ast-breadcrumbs-content":"","ast-featured-img":"","footer-sml-layout":"","theme-transparent-header-meta":"","adv-header-id-meta":"","stick-header-meta":"","header-above-stick-meta":"","header-main-stick-meta":"","header-below-stick-meta":"","astra-migrate-meta-layouts":"default","ast-page-background-enabled":"default","ast-page-background-meta":{"desktop":{"background-color":"var(--ast-global-color-4)","background-image":"","background-repeat":"repeat","background-position":"center center","background-size":"auto","background-attachment":"scroll","background-type":"","background-media":"","overlay-type":"","overlay-color":"","overlay-opacity":"","overlay-gradient":""},"tablet":{"background-color":"","background-image":"","background-repeat":"repeat","background-position":"center center","background-size":"auto","background-attachment":"scroll","background-type":"","background-media":"","overlay-type":"","overlay-color":"","overlay-opacity":"","overlay-gradient":""},"mobile":{"background-color":"","background-image":"","background-repeat":"repeat","background-position":"center center","background-size":"auto","background-attachment":"scroll","background-type":"","background-media":"","overlay-type":"","overlay-color":"","overlay-opacity":"","overlay-gradient":""}},"ast-content-background-meta":{"desktop":{"background-color":"var(--ast-global-color-5)","background-image":"","background-repeat":"repeat","background-position":"center center","background-size":"auto","background-attachment":"scroll","background-type":"","background-media":"","overlay-type":"","overlay-color":"","overlay-opacity":"","overlay-gradient":""},"tablet":{"background-color":"var(--ast-global-color-5)","background-image":"","background-repeat":"repeat","background-position":"center center","background-size":"auto","background-attachment":"scroll","background-type":"","background-media":"","overlay-type":"","overlay-color":"","overlay-opacity":"","overlay-gradient":""},"mobile":{"background-color":"var(--ast-global-color-5)","background-image":"","background-repeat":"repeat","background-position":"center center","background-size":"auto","background-attachment":"scroll","background-type":"","background-media":"","overlay-type":"","overlay-color":"","overlay-opacity":"","overlay-gradient":""}},"footnotes":""},"categories":[1,2,66,4,5],"tags":[],"class_list":["post-3295","post","type-post","status-publish","format-standard","hentry","category-general","category-infantil","category-musica","category-portada","category-primaria"],"post_mailing_queue_ids":[],"_links":{"self":[{"href":"https:\/\/agora.xtec.cat\/esc-serradecollbas\/wp-json\/wp\/v2\/posts\/3295","targetHints":{"allow":["GET"]}}],"collection":[{"href":"https:\/\/agora.xtec.cat\/esc-serradecollbas\/wp-json\/wp\/v2\/posts"}],"about":[{"href":"https:\/\/agora.xtec.cat\/esc-serradecollbas\/wp-json\/wp\/v2\/types\/post"}],"author":[{"embeddable":true,"href":"https:\/\/agora.xtec.cat\/esc-serradecollbas\/wp-json\/wp\/v2\/users\/1"}],"replies":[{"embeddable":true,"href":"https:\/\/agora.xtec.cat\/esc-serradecollbas\/wp-json\/wp\/v2\/comments?post=3295"}],"version-history":[{"count":2,"href":"https:\/\/agora.xtec.cat\/esc-serradecollbas\/wp-json\/wp\/v2\/posts\/3295\/revisions"}],"predecessor-version":[{"id":3298,"href":"https:\/\/agora.xtec.cat\/esc-serradecollbas\/wp-json\/wp\/v2\/posts\/3295\/revisions\/3298"}],"wp:attachment":[{"href":"https:\/\/agora.xtec.cat\/esc-serradecollbas\/wp-json\/wp\/v2\/media?parent=3295"}],"wp:term":[{"taxonomy":"category","embeddable":true,"href":"https:\/\/agora.xtec.cat\/esc-serradecollbas\/wp-json\/wp\/v2\/categories?post=3295"},{"taxonomy":"post_tag","embeddable":true,"href":"https:\/\/agora.xtec.cat\/esc-serradecollbas\/wp-json\/wp\/v2\/tags?post=3295"}],"curies":[{"name":"wp","href":"https:\/\/api.w.org\/{rel}","templated":true}]}}