{"id":3038,"date":"2024-03-20T23:28:09","date_gmt":"2024-03-20T22:28:09","guid":{"rendered":"https:\/\/agora.xtec.cat\/esc-serradecollbas\/?p=3038"},"modified":"2024-03-20T23:28:09","modified_gmt":"2024-03-20T22:28:09","slug":"investiguem-el-carrer-del-vall","status":"publish","type":"post","link":"https:\/\/agora.xtec.cat\/esc-serradecollbas\/general\/investiguem-el-carrer-del-vall\/","title":{"rendered":"Investiguem el carrer del Vall&#8230;"},"content":{"rendered":"<p>Bona tarda fam\u00edlies,<\/p>\n<p>Continuem amb el projecte engegat sobre els carrers del poble de Carme i ara ens centrarem ben b\u00e9 en el carrer del Vall, el que t\u00e9 un pou!!Volem saber quant mesura, quantes cases hi ha, si hi ha parc infantil&#8230; i un munt de preguntes m\u00e9s que entre tots les resoldrem. Ja hem conegut al senyor Tonet Tarrida i a la senyora Encarna, ve\u00efns d\u2019aquest carrer de tota la vida!!<\/p>\n<p>Ho voleu veure?<\/p>\n<p><a href=\"https:\/\/photos.app.goo.gl\/fpsbaaG2i8VzVPWDA\"><img loading=\"lazy\" decoding=\"async\" class=\"aligncenter \" src=\"https:\/\/lh3.googleusercontent.com\/pw\/AP1GczP2NqPHyTmpmyR2D2WTR4jLW54P6BhhcHLi5tHbOjG7Q-HKRyKNU8fWHd4RDfWet0H-tcC08fcp6Ig7Wlvau1P6wroJeLn-3c3SnFxoZlNl56PGoIakmgihetC_YNoHZObQHnStpSF2b07ZzYnnoKY5AGxVSwlZjeJ-mAcFLpKbP4VOGIZ22N7sZzyhCdcmNlAfZzFBJZqbYfmWaLIfkFYMzgsc5LaZFnRQWdXGwDNCaJxuQwxx3Z3XmWySKyHDAMkz9TlzXZiC4PIvz68s-eDHw9yRgwzkNgrSTUk-5arypCiVrixd5REQLF-YLgIb27-ONems4q_UT_cSNGq0J94f72JLTOmXWrYHQ2tRwT-mFVuagmdcNdYgpKcXNEk2sP9oaKcBLqLsLhf19hu9M9t3gPbMtNRvj0iUOtMb31TcXofB2uCVaBRKat0G6ZK9lrF8Quz1nKqJuZ6qf7c1D1dkP1WMrNQKOVcO85b4GGV6AF_mW2XCpsbH-4UnvH-u6N4gQM7CnigOl-Qr9eytoqlDN5KYkUoUQDcRn_rnfUfkLyoDn1C2t9eYPn-ZmDOgaPrMiWc1aMVtreNSKzLJSdXkV_0r7yfsz3H4kUxoq2YyI87AyUI1B0zYKXBgOU_fVZ_v3MtrQdSnh1a9lJIcqFFRzIf4cYTnoNyh12CtyI27qUqNUDI_XNGdRnIaMW_2FRDUuM3e0Fyne20-je4LOBNcb-J7a0dynvIFZKgLnYChhkr1caV7zmdTfwS4n3AVeZFnacnA8RNtgirGjP6DIjIoVKUtapulkYnKY2ckynk4_nVHzN8TG4nHlW5pPgX8LxFN-a6r6O5UHESPedB9973K6gcqqDCvNxC8zgSig0z5AL8qdT5GLO9cTJrwP9rTvrNu6u9J4x5iGgrD8moxy1bvoMA5qvjCeRbBUt2VQsIHZC5B7LKktYGMvSPK=w1231-h924-s-no?authuser=1\" width=\"571\" height=\"429\" \/><\/a><\/p>\n","protected":false},"excerpt":{"rendered":"<p>Bona tarda fam\u00edlies, Continuem amb el projecte engegat sobre els carrers del poble de Carme i ara ens centrarem ben b\u00e9 en el carrer del Vall, el que t\u00e9 un pou!!Volem saber quant mesura, quantes cases hi ha, si hi ha parc infantil&#8230; i un munt de preguntes m\u00e9s que entre tots les resoldrem. Ja [&hellip;]<\/p>\n","protected":false},"author":7,"featured_media":0,"comment_status":"open","ping_status":"closed","sticky":false,"template":"","format":"standard","meta":{"_bbp_topic_count":0,"_bbp_reply_count":0,"_bbp_total_topic_count":0,"_bbp_total_reply_count":0,"_bbp_voice_count":0,"_bbp_anonymous_reply_count":0,"_bbp_topic_count_hidden":0,"_bbp_reply_count_hidden":0,"_bbp_forum_subforum_count":0,"site-sidebar-layout":"default","site-content-layout":"","ast-site-content-layout":"","site-content-style":"default","site-sidebar-style":"default","ast-global-header-display":"","ast-banner-title-visibility":"","ast-main-header-display":"","ast-hfb-above-header-display":"","ast-hfb-below-header-display":"","ast-hfb-mobile-header-display":"","site-post-title":"","ast-breadcrumbs-content":"","ast-featured-img":"","footer-sml-layout":"","theme-transparent-header-meta":"","adv-header-id-meta":"","stick-header-meta":"","header-above-stick-meta":"","header-main-stick-meta":"","header-below-stick-meta":"","astra-migrate-meta-layouts":"default","ast-page-background-enabled":"default","ast-page-background-meta":{"desktop":{"background-color":"var(--ast-global-color-4)","background-image":"","background-repeat":"repeat","background-position":"center center","background-size":"auto","background-attachment":"scroll","background-type":"","background-media":"","overlay-type":"","overlay-color":"","overlay-opacity":"","overlay-gradient":""},"tablet":{"background-color":"","background-image":"","background-repeat":"repeat","background-position":"center center","background-size":"auto","background-attachment":"scroll","background-type":"","background-media":"","overlay-type":"","overlay-color":"","overlay-opacity":"","overlay-gradient":""},"mobile":{"background-color":"","background-image":"","background-repeat":"repeat","background-position":"center center","background-size":"auto","background-attachment":"scroll","background-type":"","background-media":"","overlay-type":"","overlay-color":"","overlay-opacity":"","overlay-gradient":""}},"ast-content-background-meta":{"desktop":{"background-color":"var(--ast-global-color-5)","background-image":"","background-repeat":"repeat","background-position":"center center","background-size":"auto","background-attachment":"scroll","background-type":"","background-media":"","overlay-type":"","overlay-color":"","overlay-opacity":"","overlay-gradient":""},"tablet":{"background-color":"var(--ast-global-color-5)","background-image":"","background-repeat":"repeat","background-position":"center center","background-size":"auto","background-attachment":"scroll","background-type":"","background-media":"","overlay-type":"","overlay-color":"","overlay-opacity":"","overlay-gradient":""},"mobile":{"background-color":"var(--ast-global-color-5)","background-image":"","background-repeat":"repeat","background-position":"center center","background-size":"auto","background-attachment":"scroll","background-type":"","background-media":"","overlay-type":"","overlay-color":"","overlay-opacity":"","overlay-gradient":""}},"footnotes":""},"categories":[1,2,4],"tags":[],"class_list":["post-3038","post","type-post","status-publish","format-standard","hentry","category-general","category-infantil","category-portada"],"post_mailing_queue_ids":[],"_links":{"self":[{"href":"https:\/\/agora.xtec.cat\/esc-serradecollbas\/wp-json\/wp\/v2\/posts\/3038","targetHints":{"allow":["GET"]}}],"collection":[{"href":"https:\/\/agora.xtec.cat\/esc-serradecollbas\/wp-json\/wp\/v2\/posts"}],"about":[{"href":"https:\/\/agora.xtec.cat\/esc-serradecollbas\/wp-json\/wp\/v2\/types\/post"}],"author":[{"embeddable":true,"href":"https:\/\/agora.xtec.cat\/esc-serradecollbas\/wp-json\/wp\/v2\/users\/7"}],"replies":[{"embeddable":true,"href":"https:\/\/agora.xtec.cat\/esc-serradecollbas\/wp-json\/wp\/v2\/comments?post=3038"}],"version-history":[{"count":1,"href":"https:\/\/agora.xtec.cat\/esc-serradecollbas\/wp-json\/wp\/v2\/posts\/3038\/revisions"}],"predecessor-version":[{"id":3039,"href":"https:\/\/agora.xtec.cat\/esc-serradecollbas\/wp-json\/wp\/v2\/posts\/3038\/revisions\/3039"}],"wp:attachment":[{"href":"https:\/\/agora.xtec.cat\/esc-serradecollbas\/wp-json\/wp\/v2\/media?parent=3038"}],"wp:term":[{"taxonomy":"category","embeddable":true,"href":"https:\/\/agora.xtec.cat\/esc-serradecollbas\/wp-json\/wp\/v2\/categories?post=3038"},{"taxonomy":"post_tag","embeddable":true,"href":"https:\/\/agora.xtec.cat\/esc-serradecollbas\/wp-json\/wp\/v2\/tags?post=3038"}],"curies":[{"name":"wp","href":"https:\/\/api.w.org\/{rel}","templated":true}]}}