{"id":2780,"date":"2023-11-20T15:31:36","date_gmt":"2023-11-20T14:31:36","guid":{"rendered":"https:\/\/agora.xtec.cat\/esc-serradecollbas\/?p=2780"},"modified":"2023-11-20T15:31:36","modified_gmt":"2023-11-20T14:31:36","slug":"comencem-els-racons-de-dijous-a-la-tarda","status":"publish","type":"post","link":"https:\/\/agora.xtec.cat\/esc-serradecollbas\/general\/comencem-els-racons-de-dijous-a-la-tarda\/","title":{"rendered":"COMENCEM ELS RACONS DE DIJOUS A LA TARDA&#8230;"},"content":{"rendered":"<p>Bona tarda fam\u00edlies,<\/p>\n<p>El passat dijous 19 d&#8217;octubre a la tarda, la classe dels moliners i molineres i dels setrills vam comen\u00e7ar, repartits en 3 grups internivells diferents, alguns dels racons que anirem fent al llarg de tot el curs. Els racons s\u00f3n espais on es respira un ambient dist\u00e8s i creatiu i \u00e9s per aix\u00f2, que treballarem sempre a partir del joc.<\/p>\n<p>Voleu veure qu\u00e8 b\u00e9 s&#8217;ho passen? Doncs cliqueu la seg\u00fcent fotografia:<\/p>\n<p><a href=\"https:\/\/photos.app.goo.gl\/VsBQK61THPrwXNjN9\"><img loading=\"lazy\" decoding=\"async\" class=\"aligncenter size-large\" src=\"https:\/\/lh3.googleusercontent.com\/pw\/ADCreHddLdcMeJ1fKg2FFxXdlmq8Yyx8FiLGEVpmPt1T-cnpkrAIkU9ZZCtqTMeyF3DuZTPlosGT4K6EOKMYmeRfIoI7OrEt9x8UJnKJMXEUSkKGsYysq1b0SipCqgQj0-RDU5YBa9ZRUYlJHdH7cDI_AbULa0KuC_OufB89u361svpPLwc3_HFlE9JjGFzUaUjkYowzsymXZ0Of3j2BFtf5_Dxc5SE3R61JszXKLLDnuVXDQ2D21t3AY_Frhp3fNsskYHbUN96OxPfvFebPzFpqs1CAZruVdgRmqb1tDaypwM04Eyae2u9RaCOcsbnMieMk50ye5OCGd13y4PcJjiJ2nvoTfouwu53lMcnKCS1-iuiOjHGjUWtGzbrJg5VA22i-36X0SDCKJkWaS9Wy3uhA8KXc5Zn1D8s4mKUdNx5zw1AWETmyqR7CHFJ5SKt4eAsIstYRSf9WRwSgD3HVVwCU5N8EmG28E7nHOCrx3NZ0GeKc1eO9qZzuLpT2uqJ86eCuM_WR3Y74UoBKCmUEz0BQwWc9xsSqTWe8isGmxlo2iDYki9Dr9K0f3p4kEE95z37VHF4MNgAUt_7ilvTPl2TbqpJSv5kUvutVaZTxHSpzewRIUr1ree9w7c1CAMwPz66oSukPKTeV0gpQU_8ZA9QtvIddcZNG4pyzh2kfeMu9PG8rq5QvukAjLGanEub8e3j-CQhot9zmU4MvrLLYawU5YSXWU-pC6EY5AKQPUVGEmWB0KWIahYpspm8tRaHApJgxmJnLWrxYeWO_EDWo681lS-lulm3MDS_jWUXZErHlN8zb1VvNjiDs0NnVHsnfhMK8PE0iHNOUzfNeZSMNMt4EEDBf-4f-u94ssCeSoIms2FizbGGSfZZTSmCZeGqLbk6Ei4jO2X3K3-yXkx6sm3Mwk88=w857-h643-s-no?authuser=1\" width=\"857\" height=\"643\" \/><\/a><\/p>\n","protected":false},"excerpt":{"rendered":"<p>Bona tarda fam\u00edlies, El passat dijous 19 d&#8217;octubre a la tarda, la classe dels moliners i molineres i dels setrills vam comen\u00e7ar, repartits en 3 grups internivells diferents, alguns dels racons que anirem fent al llarg de tot el curs. Els racons s\u00f3n espais on es respira un ambient dist\u00e8s i creatiu i \u00e9s per [&hellip;]<\/p>\n","protected":false},"author":7,"featured_media":0,"comment_status":"open","ping_status":"closed","sticky":false,"template":"","format":"standard","meta":{"_bbp_topic_count":0,"_bbp_reply_count":0,"_bbp_total_topic_count":0,"_bbp_total_reply_count":0,"_bbp_voice_count":0,"_bbp_anonymous_reply_count":0,"_bbp_topic_count_hidden":0,"_bbp_reply_count_hidden":0,"_bbp_forum_subforum_count":0,"site-sidebar-layout":"default","site-content-layout":"","ast-site-content-layout":"","site-content-style":"default","site-sidebar-style":"default","ast-global-header-display":"","ast-banner-title-visibility":"","ast-main-header-display":"","ast-hfb-above-header-display":"","ast-hfb-below-header-display":"","ast-hfb-mobile-header-display":"","site-post-title":"","ast-breadcrumbs-content":"","ast-featured-img":"","footer-sml-layout":"","theme-transparent-header-meta":"","adv-header-id-meta":"","stick-header-meta":"","header-above-stick-meta":"","header-main-stick-meta":"","header-below-stick-meta":"","astra-migrate-meta-layouts":"default","ast-page-background-enabled":"default","ast-page-background-meta":{"desktop":{"background-color":"var(--ast-global-color-4)","background-image":"","background-repeat":"repeat","background-position":"center center","background-size":"auto","background-attachment":"scroll","background-type":"","background-media":"","overlay-type":"","overlay-color":"","overlay-opacity":"","overlay-gradient":""},"tablet":{"background-color":"","background-image":"","background-repeat":"repeat","background-position":"center center","background-size":"auto","background-attachment":"scroll","background-type":"","background-media":"","overlay-type":"","overlay-color":"","overlay-opacity":"","overlay-gradient":""},"mobile":{"background-color":"","background-image":"","background-repeat":"repeat","background-position":"center center","background-size":"auto","background-attachment":"scroll","background-type":"","background-media":"","overlay-type":"","overlay-color":"","overlay-opacity":"","overlay-gradient":""}},"ast-content-background-meta":{"desktop":{"background-color":"var(--ast-global-color-5)","background-image":"","background-repeat":"repeat","background-position":"center center","background-size":"auto","background-attachment":"scroll","background-type":"","background-media":"","overlay-type":"","overlay-color":"","overlay-opacity":"","overlay-gradient":""},"tablet":{"background-color":"var(--ast-global-color-5)","background-image":"","background-repeat":"repeat","background-position":"center center","background-size":"auto","background-attachment":"scroll","background-type":"","background-media":"","overlay-type":"","overlay-color":"","overlay-opacity":"","overlay-gradient":""},"mobile":{"background-color":"var(--ast-global-color-5)","background-image":"","background-repeat":"repeat","background-position":"center center","background-size":"auto","background-attachment":"scroll","background-type":"","background-media":"","overlay-type":"","overlay-color":"","overlay-opacity":"","overlay-gradient":""}},"footnotes":""},"categories":[1,2,4],"tags":[],"class_list":["post-2780","post","type-post","status-publish","format-standard","hentry","category-general","category-infantil","category-portada"],"post_mailing_queue_ids":[],"_links":{"self":[{"href":"https:\/\/agora.xtec.cat\/esc-serradecollbas\/wp-json\/wp\/v2\/posts\/2780","targetHints":{"allow":["GET"]}}],"collection":[{"href":"https:\/\/agora.xtec.cat\/esc-serradecollbas\/wp-json\/wp\/v2\/posts"}],"about":[{"href":"https:\/\/agora.xtec.cat\/esc-serradecollbas\/wp-json\/wp\/v2\/types\/post"}],"author":[{"embeddable":true,"href":"https:\/\/agora.xtec.cat\/esc-serradecollbas\/wp-json\/wp\/v2\/users\/7"}],"replies":[{"embeddable":true,"href":"https:\/\/agora.xtec.cat\/esc-serradecollbas\/wp-json\/wp\/v2\/comments?post=2780"}],"version-history":[{"count":1,"href":"https:\/\/agora.xtec.cat\/esc-serradecollbas\/wp-json\/wp\/v2\/posts\/2780\/revisions"}],"predecessor-version":[{"id":2781,"href":"https:\/\/agora.xtec.cat\/esc-serradecollbas\/wp-json\/wp\/v2\/posts\/2780\/revisions\/2781"}],"wp:attachment":[{"href":"https:\/\/agora.xtec.cat\/esc-serradecollbas\/wp-json\/wp\/v2\/media?parent=2780"}],"wp:term":[{"taxonomy":"category","embeddable":true,"href":"https:\/\/agora.xtec.cat\/esc-serradecollbas\/wp-json\/wp\/v2\/categories?post=2780"},{"taxonomy":"post_tag","embeddable":true,"href":"https:\/\/agora.xtec.cat\/esc-serradecollbas\/wp-json\/wp\/v2\/tags?post=2780"}],"curies":[{"name":"wp","href":"https:\/\/api.w.org\/{rel}","templated":true}]}}