{"id":2620,"date":"2023-06-08T20:40:29","date_gmt":"2023-06-08T18:40:29","guid":{"rendered":"https:\/\/agora.xtec.cat\/esc-serradecollbas\/?p=2620"},"modified":"2023-07-11T11:43:02","modified_gmt":"2023-07-11T09:43:02","slug":"fem-gelats-al-menjador","status":"publish","type":"post","link":"https:\/\/agora.xtec.cat\/esc-serradecollbas\/general\/fem-gelats-al-menjador\/","title":{"rendered":"Fem gelats al menjador"},"content":{"rendered":"<p style=\"text-align: left;\">Hola fam\u00edlies!!!!<\/p>\n<p>Aquest dilluns hem comen\u00e7at amb el tema estiu, ja estem aprop i la calor ja comen\u00e7ar apretar \ud83e\udd75\ud83e\udd75.<br \/>\nHem comen\u00e7at fent uns gelats i decorant-los com millor ens agradaven, per ambientar una mica el menjador.<\/p>\n<p>Si voleu veure els gelats que ens han quedat no marxeu.<br \/>\nCliqueu, cliqueu.<\/p>\n<p><a href=\"https:\/\/photos.app.goo.gl\/iQLrJXEH7JHQtjCo6\"><img loading=\"lazy\" decoding=\"async\" class=\"alignnone size-large\" src=\"https:\/\/lh3.googleusercontent.com\/Hfw_jUbPw-lG4NKK7W1yvXZEW5qDy2EPIYcRaLS62JCHx9l-XmzFFDmWOwwPugd5N7Vww7tvLwdQ1sesrJGR8QglMUhJFjY3PMCw61MfLkIpxNsn8x2r6G7NBiHqtEirnplQIDR7jTq-NhRj3O6Brxe6-UNUi03d7ncaqqziwtN7A73DHNrCSygxoYCQpiifLdXAo2WiC2lhMg_5TreQtNQBP4J2sU2ZBFINJ2zEH6ezWfVuCKKoxed7lAa8C6Ul2v3aA-mH2ydX0-9RYyBaqQxwMwCg1lhklQloWeXTqKom_wQSWPX-m3lvBT0P45RBooG0QgnR4_PbdozjdcIRPpwKTANboGjBD0DApLWIJXFhsRkJWP8_Y6F2flhZlbp8egExyhsEpTHKZorz31jOATZ_fdFa6AAK8DH8hlosdEf2KxVb08EH7HbnP0JYisg7ez0esbEIkLIghRBoybf40uzbqc94jufgAyivDIWZTq2IgvEGtVY8tGRXd65KweMddQMT_0s-zV13TlcAjXLv68ZVVVKxWr_OPl45XpEsc4PMaXEC9X1Z4U3WBFvITyrUI34Tkz8hmNIuB1HrhAzu8JimLjWajRw_WpwbuEEO4YNolTCIAsi3Rg3A5mu8Mh6cEUdwTdpVoDx8PJd1rX0f0WfM45mV9XO8DYxCYCbLk8ISRjTY3dkSx8hgQMNTmkqjod56hixN11P8EChnk16CJ-nXYdYbpAkO9UcbCdA-fWbCk0PAdkUOZ0QbAvBhdPIWaN1qK-j1MSrbSHh87SBS9ATItZhoeiCV1FNFjSc8uYEHfiQGFEhL_UJ57V4IzTnal6qby36rVkrxLTj9hy7aTgTM2DwsVkYfDL8r99V_C5qUy5YYzuHHNOK5SPtTaZDta7WiIhicXguHbeNtuET5EMy8fwr8yuVVOTuaU2vbYY254Q=w718-h331-no?authuser=0\" width=\"718\" height=\"331\" \/><\/a><\/p>\n","protected":false},"excerpt":{"rendered":"<p>Hola fam\u00edlies!!!! Aquest dilluns hem comen\u00e7at amb el tema estiu, ja estem aprop i la calor ja comen\u00e7ar apretar \ud83e\udd75\ud83e\udd75. Hem comen\u00e7at fent uns gelats i decorant-los com millor ens agradaven, per ambientar una mica el menjador. Si voleu veure els gelats que ens han quedat no marxeu. Cliqueu, cliqueu.<\/p>\n","protected":false},"author":20,"featured_media":0,"comment_status":"open","ping_status":"closed","sticky":false,"template":"","format":"standard","meta":{"_bbp_topic_count":0,"_bbp_reply_count":0,"_bbp_total_topic_count":0,"_bbp_total_reply_count":0,"_bbp_voice_count":0,"_bbp_anonymous_reply_count":0,"_bbp_topic_count_hidden":0,"_bbp_reply_count_hidden":0,"_bbp_forum_subforum_count":0,"site-sidebar-layout":"default","site-content-layout":"","ast-site-content-layout":"","site-content-style":"default","site-sidebar-style":"default","ast-global-header-display":"","ast-banner-title-visibility":"","ast-main-header-display":"","ast-hfb-above-header-display":"","ast-hfb-below-header-display":"","ast-hfb-mobile-header-display":"","site-post-title":"","ast-breadcrumbs-content":"","ast-featured-img":"","footer-sml-layout":"","theme-transparent-header-meta":"","adv-header-id-meta":"","stick-header-meta":"","header-above-stick-meta":"","header-main-stick-meta":"","header-below-stick-meta":"","astra-migrate-meta-layouts":"default","ast-page-background-enabled":"default","ast-page-background-meta":{"desktop":{"background-color":"var(--ast-global-color-4)","background-image":"","background-repeat":"repeat","background-position":"center center","background-size":"auto","background-attachment":"scroll","background-type":"","background-media":"","overlay-type":"","overlay-color":"","overlay-opacity":"","overlay-gradient":""},"tablet":{"background-color":"","background-image":"","background-repeat":"repeat","background-position":"center center","background-size":"auto","background-attachment":"scroll","background-type":"","background-media":"","overlay-type":"","overlay-color":"","overlay-opacity":"","overlay-gradient":""},"mobile":{"background-color":"","background-image":"","background-repeat":"repeat","background-position":"center center","background-size":"auto","background-attachment":"scroll","background-type":"","background-media":"","overlay-type":"","overlay-color":"","overlay-opacity":"","overlay-gradient":""}},"ast-content-background-meta":{"desktop":{"background-color":"var(--ast-global-color-5)","background-image":"","background-repeat":"repeat","background-position":"center center","background-size":"auto","background-attachment":"scroll","background-type":"","background-media":"","overlay-type":"","overlay-color":"","overlay-opacity":"","overlay-gradient":""},"tablet":{"background-color":"var(--ast-global-color-5)","background-image":"","background-repeat":"repeat","background-position":"center center","background-size":"auto","background-attachment":"scroll","background-type":"","background-media":"","overlay-type":"","overlay-color":"","overlay-opacity":"","overlay-gradient":""},"mobile":{"background-color":"var(--ast-global-color-5)","background-image":"","background-repeat":"repeat","background-position":"center center","background-size":"auto","background-attachment":"scroll","background-type":"","background-media":"","overlay-type":"","overlay-color":"","overlay-opacity":"","overlay-gradient":""}},"footnotes":""},"categories":[1,62,4],"tags":[],"class_list":["post-2620","post","type-post","status-publish","format-standard","hentry","category-general","category-menjador","category-portada"],"post_mailing_queue_ids":[],"_links":{"self":[{"href":"https:\/\/agora.xtec.cat\/esc-serradecollbas\/wp-json\/wp\/v2\/posts\/2620","targetHints":{"allow":["GET"]}}],"collection":[{"href":"https:\/\/agora.xtec.cat\/esc-serradecollbas\/wp-json\/wp\/v2\/posts"}],"about":[{"href":"https:\/\/agora.xtec.cat\/esc-serradecollbas\/wp-json\/wp\/v2\/types\/post"}],"author":[{"embeddable":true,"href":"https:\/\/agora.xtec.cat\/esc-serradecollbas\/wp-json\/wp\/v2\/users\/20"}],"replies":[{"embeddable":true,"href":"https:\/\/agora.xtec.cat\/esc-serradecollbas\/wp-json\/wp\/v2\/comments?post=2620"}],"version-history":[{"count":2,"href":"https:\/\/agora.xtec.cat\/esc-serradecollbas\/wp-json\/wp\/v2\/posts\/2620\/revisions"}],"predecessor-version":[{"id":2622,"href":"https:\/\/agora.xtec.cat\/esc-serradecollbas\/wp-json\/wp\/v2\/posts\/2620\/revisions\/2622"}],"wp:attachment":[{"href":"https:\/\/agora.xtec.cat\/esc-serradecollbas\/wp-json\/wp\/v2\/media?parent=2620"}],"wp:term":[{"taxonomy":"category","embeddable":true,"href":"https:\/\/agora.xtec.cat\/esc-serradecollbas\/wp-json\/wp\/v2\/categories?post=2620"},{"taxonomy":"post_tag","embeddable":true,"href":"https:\/\/agora.xtec.cat\/esc-serradecollbas\/wp-json\/wp\/v2\/tags?post=2620"}],"curies":[{"name":"wp","href":"https:\/\/api.w.org\/{rel}","templated":true}]}}