{"id":2605,"date":"2023-06-02T13:05:33","date_gmt":"2023-06-02T11:05:33","guid":{"rendered":"https:\/\/agora.xtec.cat\/esc-serradecollbas\/?p=2605"},"modified":"2023-06-02T13:05:33","modified_gmt":"2023-06-02T11:05:33","slug":"infantil-aules-obertes-3r-trimestre","status":"publish","type":"post","link":"https:\/\/agora.xtec.cat\/esc-serradecollbas\/general\/infantil-aules-obertes-3r-trimestre\/","title":{"rendered":"Infantil &#8211; Aules obertes 3r trimestre"},"content":{"rendered":"<p>Aquesta setmana hem tornat a obrir les portes a les fam\u00edlies d&#8217;infantil. Un dia molt esperat per tot l&#8217;alumnat. Ja que es pot veure el dia a dia a l&#8217;escola, en aquesta ocasi\u00f3 a l&#8217;aula de les llums.<\/p>\n<p>Gr\u00e0cies per formar part d&#8217;aquesta experi\u00e8ncia.<\/p>\n<p><a href=\"https:\/\/photos.app.goo.gl\/aUHZPtenq6DJegjm8\"><img loading=\"lazy\" decoding=\"async\" class=\"alignleft size-large\" src=\"https:\/\/lh3.googleusercontent.com\/x3_Rc2-uhHDN0ovECu-U76sxFo5yEaQ38wx6yuBq6DhTRDNF8XoXI1ZeSaS2vdMyvQfopFV6_7EoNy3GViAVBBC7s7qTNyI2UGkISKaX35MS47zdr-S9LUaCw50neEJGRyZY5YiFRA0sUKkb-brQJXLWvD3259PAvqXSpNQeAYkVFO8PkIZFnqrVYA5YCx_2QxWrCG-gcn3DaZEtqrgd54JwBfSY7hAqsbYY5WhnUJydFHStF4m_lZVYiC_DlrJEB0hYI4fDH5cu-s7eYANGpLQPZCCNrf3ykvYvCtphIdhxwIzP4Vz3zWn5wbg4njSGUrNnWc1X-Gc76vY_Gr6yz0akQFdoT-pjSYHe0BhU1-JtWSSEamIX_VbU1P_vbORmNChV_udThzEPG5NTB4mrZLG7uNOaZuRdMEt8bjPru4zRvlX3GbbBP83xCalbvc-tEtqL2JcyVxLjd6dp7v6mcfO-ezNTqUbBQkHxBKXoTTn0UuyqxA8w1j1EuRqL1kenYg3RFWzQDumHwdRTh1ZHRy5tBRuTu4jYBRE0Z0n__fxLULj0yUwuCAEEQobO5iUi1K9c6n-Ifq6spRwcEOXZTmFCPpnCwuRNTIuZggLwdXOC6_4M20Pk2tBdfKxKYYG7NN2gLC7PbSftgAHP1_WFppj7U4BeBb_8h6ODjCIL295XjlVo7_bc36v5iTQcbSTSeQeDSifycbJ0XExv1zKpcQIZabkv1UPWgkCOvKtBzi6CdEWmqBGr0CpGa632RnXBqTam5R5_SjqJco3a1eNw0mqfFLg8wkPfZdNb27-OxH4FkxpFqR8XQkk3VnJvGLqOZ1jJzeyUmglWewePsUQf0MGEPOZurQjVPNc4LFDrBE-Gg0pvDrmPnhtTIeJ1af1PQHXH2H_NAYxeGfrrlvmPcjeaS-oBNRt4fFZt-VWjiL87aHvu3pVUDV1byhRE5jJ83li0Yxy4oDW8iS7ksBU=w640-h480-s-no?authuser=1\" width=\"640\" height=\"480\" \/><\/a><\/p>\n","protected":false},"excerpt":{"rendered":"<p>Aquesta setmana hem tornat a obrir les portes a les fam\u00edlies d&#8217;infantil. Un dia molt esperat per tot l&#8217;alumnat. Ja que es pot veure el dia a dia a l&#8217;escola, en aquesta ocasi\u00f3 a l&#8217;aula de les llums. Gr\u00e0cies per formar part d&#8217;aquesta experi\u00e8ncia.<\/p>\n","protected":false},"author":1,"featured_media":0,"comment_status":"open","ping_status":"closed","sticky":false,"template":"","format":"standard","meta":{"_bbp_topic_count":0,"_bbp_reply_count":0,"_bbp_total_topic_count":0,"_bbp_total_reply_count":0,"_bbp_voice_count":0,"_bbp_anonymous_reply_count":0,"_bbp_topic_count_hidden":0,"_bbp_reply_count_hidden":0,"_bbp_forum_subforum_count":0,"site-sidebar-layout":"default","site-content-layout":"","ast-site-content-layout":"","site-content-style":"default","site-sidebar-style":"default","ast-global-header-display":"","ast-banner-title-visibility":"","ast-main-header-display":"","ast-hfb-above-header-display":"","ast-hfb-below-header-display":"","ast-hfb-mobile-header-display":"","site-post-title":"","ast-breadcrumbs-content":"","ast-featured-img":"","footer-sml-layout":"","theme-transparent-header-meta":"","adv-header-id-meta":"","stick-header-meta":"","header-above-stick-meta":"","header-main-stick-meta":"","header-below-stick-meta":"","astra-migrate-meta-layouts":"default","ast-page-background-enabled":"default","ast-page-background-meta":{"desktop":{"background-color":"var(--ast-global-color-4)","background-image":"","background-repeat":"repeat","background-position":"center center","background-size":"auto","background-attachment":"scroll","background-type":"","background-media":"","overlay-type":"","overlay-color":"","overlay-opacity":"","overlay-gradient":""},"tablet":{"background-color":"","background-image":"","background-repeat":"repeat","background-position":"center center","background-size":"auto","background-attachment":"scroll","background-type":"","background-media":"","overlay-type":"","overlay-color":"","overlay-opacity":"","overlay-gradient":""},"mobile":{"background-color":"","background-image":"","background-repeat":"repeat","background-position":"center center","background-size":"auto","background-attachment":"scroll","background-type":"","background-media":"","overlay-type":"","overlay-color":"","overlay-opacity":"","overlay-gradient":""}},"ast-content-background-meta":{"desktop":{"background-color":"var(--ast-global-color-5)","background-image":"","background-repeat":"repeat","background-position":"center center","background-size":"auto","background-attachment":"scroll","background-type":"","background-media":"","overlay-type":"","overlay-color":"","overlay-opacity":"","overlay-gradient":""},"tablet":{"background-color":"var(--ast-global-color-5)","background-image":"","background-repeat":"repeat","background-position":"center center","background-size":"auto","background-attachment":"scroll","background-type":"","background-media":"","overlay-type":"","overlay-color":"","overlay-opacity":"","overlay-gradient":""},"mobile":{"background-color":"var(--ast-global-color-5)","background-image":"","background-repeat":"repeat","background-position":"center center","background-size":"auto","background-attachment":"scroll","background-type":"","background-media":"","overlay-type":"","overlay-color":"","overlay-opacity":"","overlay-gradient":""}},"footnotes":""},"categories":[1,2,4],"tags":[],"class_list":["post-2605","post","type-post","status-publish","format-standard","hentry","category-general","category-infantil","category-portada"],"post_mailing_queue_ids":[],"_links":{"self":[{"href":"https:\/\/agora.xtec.cat\/esc-serradecollbas\/wp-json\/wp\/v2\/posts\/2605","targetHints":{"allow":["GET"]}}],"collection":[{"href":"https:\/\/agora.xtec.cat\/esc-serradecollbas\/wp-json\/wp\/v2\/posts"}],"about":[{"href":"https:\/\/agora.xtec.cat\/esc-serradecollbas\/wp-json\/wp\/v2\/types\/post"}],"author":[{"embeddable":true,"href":"https:\/\/agora.xtec.cat\/esc-serradecollbas\/wp-json\/wp\/v2\/users\/1"}],"replies":[{"embeddable":true,"href":"https:\/\/agora.xtec.cat\/esc-serradecollbas\/wp-json\/wp\/v2\/comments?post=2605"}],"version-history":[{"count":2,"href":"https:\/\/agora.xtec.cat\/esc-serradecollbas\/wp-json\/wp\/v2\/posts\/2605\/revisions"}],"predecessor-version":[{"id":2607,"href":"https:\/\/agora.xtec.cat\/esc-serradecollbas\/wp-json\/wp\/v2\/posts\/2605\/revisions\/2607"}],"wp:attachment":[{"href":"https:\/\/agora.xtec.cat\/esc-serradecollbas\/wp-json\/wp\/v2\/media?parent=2605"}],"wp:term":[{"taxonomy":"category","embeddable":true,"href":"https:\/\/agora.xtec.cat\/esc-serradecollbas\/wp-json\/wp\/v2\/categories?post=2605"},{"taxonomy":"post_tag","embeddable":true,"href":"https:\/\/agora.xtec.cat\/esc-serradecollbas\/wp-json\/wp\/v2\/tags?post=2605"}],"curies":[{"name":"wp","href":"https:\/\/api.w.org\/{rel}","templated":true}]}}