{"id":2140,"date":"2022-11-29T13:08:21","date_gmt":"2022-11-29T12:08:21","guid":{"rendered":"https:\/\/agora.xtec.cat\/esc-serradecollbas\/?p=2140"},"modified":"2022-11-29T13:08:21","modified_gmt":"2022-11-29T12:08:21","slug":"batucada-per-santa-cecilia","status":"publish","type":"post","link":"https:\/\/agora.xtec.cat\/esc-serradecollbas\/general\/batucada-per-santa-cecilia\/","title":{"rendered":"BATUCADA PER SANTA CEC\u00cdLIA"},"content":{"rendered":"<p>La setmana passada vam celebrar santa Cec\u00edlia amb un taller espectacular de batucada. Vam comen\u00e7ar amb la classe de la Casa Batll\u00f3, despr\u00e9s els m\u00e9s petitons de l&#8217;escola. Tot seguit hi van anar els de Cicle Superior amb els de 4t i els \u00faltims van ser els de Cicle Inicial amb els de 3r.<\/p>\n<p>Tots vam tenir el nostre propi instrument. L&#8217;Uri ens va ensenyar el seu nom i com tocar-lo i a partir d&#8217;aqu\u00ed ens vam llen\u00e7ar a la piscina.<\/p>\n<p>Ens ho hem passat molt b\u00e9. Si voleu veure-ho, cliqueu a la imatge.<\/p>\n<p>tamb\u00e9 hi ha algun v\u00eddeo on en veureu el resultat&#8230;.<\/p>\n<p>&nbsp;<\/p>\n<p><a href=\"https:\/\/photos.app.goo.gl\/znBMFdz3APfy5pHL9\"><img loading=\"lazy\" decoding=\"async\" class=\"alignnone size-large\" src=\"https:\/\/lh3.googleusercontent.com\/WSBgmwpjqJbL5oQj8djT-BCg0Gy0vouqmQ-zaGotDzNNK21ZBS449H704noJLBpQW68NE-ZDZAWwksdpy246qsVoj1xYGqmsddHNcxYvWKLm0xpmz3ROub4U6MbpGBWT0ZVTFfUej-tdF__4bbiCYTZwbByy1AVadli1O7v4cQ29lRb1yUCSEl4TdxU7PZg3S_t4MpvVMb2zqlAUy4a0mcegPxPIl2RXuPvWfJtUCGgGTe8dAKf3CJT7pU23E3SgTWDah8X_mMfpBAwk8y1QJ5eY95KKDXY8o7Wev7UQft3OhN7IN-TK7zb0wz6B5K7ipbtZ6xjgsX4B83qx4HlyFDrbNEpiCAzKYQ510WB87cESwhCB1spQ_WVyaOD3ej7x-WEy7_w9IE3cJfY0hK5G9m8nuvi4-uiwMzPg7EwTwpNMjEtA_GQ0HTq_n0XQ6bFPaEVtFqillZSeL1oKeT1cYULeaq_NWDUFv1bFaN3HBJzcEKhWlL70j2RVajd1I6L-1t3ToJWjVrANWGrZAryBr76uHhKBdXv5aya96DPPjH7l_MrdtBHhwGsa7dIMj3Twihnv-gRrOmS_yrMLQSKl6WbQUDzydBx2AlA_Djley7Al536F000Ro12HBnlQGs-Qen4NfL8Ckc_2k_zLrk0H7CxZbxe1fB2Da4LMSqt13yfZfYqWUGjtZMl0rLuDPB38pwIT8uBn3y8l06Hn-HfvxM93mp-eMc1h8iPDP4n_n6mKoswqDZYfCjB1MskzmfSYCn3nWbkNRe2EnX-Zr0Y1t3s7ducvITfeYqzk5mgFZ-u7ryZ3jVnlq8te5ruUs7bnSnYug576LJhpixlpNtFbVr_tNAR3wpiD25NwcAFuoHUuwEWU4ub00S3lSl5piBtRKk9RXRLqxYbp4yfxZrH_RIx__twNRywwvMhdRmUzE59Y8MGTRNaw-95AxOQN6ymtqJZ9tc-UzpVJAwZiHJqwJOukJ0vLKd7mFIg8modJR3vUfNmaISJ9eFOE=w1292-h969-no?authuser=1\" width=\"1292\" height=\"969\" \/><\/a><\/p>\n","protected":false},"excerpt":{"rendered":"<p>La setmana passada vam celebrar santa Cec\u00edlia amb un taller espectacular de batucada. Vam comen\u00e7ar amb la classe de la Casa Batll\u00f3, despr\u00e9s els m\u00e9s petitons de l&#8217;escola. Tot seguit hi van anar els de Cicle Superior amb els de 4t i els \u00faltims van ser els de Cicle Inicial amb els de 3r. Tots [&hellip;]<\/p>\n","protected":false},"author":1,"featured_media":0,"comment_status":"open","ping_status":"closed","sticky":false,"template":"","format":"standard","meta":{"_bbp_topic_count":0,"_bbp_reply_count":0,"_bbp_total_topic_count":0,"_bbp_total_reply_count":0,"_bbp_voice_count":0,"_bbp_anonymous_reply_count":0,"_bbp_topic_count_hidden":0,"_bbp_reply_count_hidden":0,"_bbp_forum_subforum_count":0,"site-sidebar-layout":"default","site-content-layout":"","ast-site-content-layout":"","site-content-style":"default","site-sidebar-style":"default","ast-global-header-display":"","ast-banner-title-visibility":"","ast-main-header-display":"","ast-hfb-above-header-display":"","ast-hfb-below-header-display":"","ast-hfb-mobile-header-display":"","site-post-title":"","ast-breadcrumbs-content":"","ast-featured-img":"","footer-sml-layout":"","theme-transparent-header-meta":"","adv-header-id-meta":"","stick-header-meta":"","header-above-stick-meta":"","header-main-stick-meta":"","header-below-stick-meta":"","astra-migrate-meta-layouts":"default","ast-page-background-enabled":"default","ast-page-background-meta":{"desktop":{"background-color":"var(--ast-global-color-4)","background-image":"","background-repeat":"repeat","background-position":"center center","background-size":"auto","background-attachment":"scroll","background-type":"","background-media":"","overlay-type":"","overlay-color":"","overlay-opacity":"","overlay-gradient":""},"tablet":{"background-color":"","background-image":"","background-repeat":"repeat","background-position":"center center","background-size":"auto","background-attachment":"scroll","background-type":"","background-media":"","overlay-type":"","overlay-color":"","overlay-opacity":"","overlay-gradient":""},"mobile":{"background-color":"","background-image":"","background-repeat":"repeat","background-position":"center center","background-size":"auto","background-attachment":"scroll","background-type":"","background-media":"","overlay-type":"","overlay-color":"","overlay-opacity":"","overlay-gradient":""}},"ast-content-background-meta":{"desktop":{"background-color":"var(--ast-global-color-5)","background-image":"","background-repeat":"repeat","background-position":"center center","background-size":"auto","background-attachment":"scroll","background-type":"","background-media":"","overlay-type":"","overlay-color":"","overlay-opacity":"","overlay-gradient":""},"tablet":{"background-color":"var(--ast-global-color-5)","background-image":"","background-repeat":"repeat","background-position":"center center","background-size":"auto","background-attachment":"scroll","background-type":"","background-media":"","overlay-type":"","overlay-color":"","overlay-opacity":"","overlay-gradient":""},"mobile":{"background-color":"var(--ast-global-color-5)","background-image":"","background-repeat":"repeat","background-position":"center center","background-size":"auto","background-attachment":"scroll","background-type":"","background-media":"","overlay-type":"","overlay-color":"","overlay-opacity":"","overlay-gradient":""}},"footnotes":""},"categories":[1,66,4],"tags":[],"class_list":["post-2140","post","type-post","status-publish","format-standard","hentry","category-general","category-musica","category-portada"],"post_mailing_queue_ids":[],"_links":{"self":[{"href":"https:\/\/agora.xtec.cat\/esc-serradecollbas\/wp-json\/wp\/v2\/posts\/2140","targetHints":{"allow":["GET"]}}],"collection":[{"href":"https:\/\/agora.xtec.cat\/esc-serradecollbas\/wp-json\/wp\/v2\/posts"}],"about":[{"href":"https:\/\/agora.xtec.cat\/esc-serradecollbas\/wp-json\/wp\/v2\/types\/post"}],"author":[{"embeddable":true,"href":"https:\/\/agora.xtec.cat\/esc-serradecollbas\/wp-json\/wp\/v2\/users\/1"}],"replies":[{"embeddable":true,"href":"https:\/\/agora.xtec.cat\/esc-serradecollbas\/wp-json\/wp\/v2\/comments?post=2140"}],"version-history":[{"count":2,"href":"https:\/\/agora.xtec.cat\/esc-serradecollbas\/wp-json\/wp\/v2\/posts\/2140\/revisions"}],"predecessor-version":[{"id":2144,"href":"https:\/\/agora.xtec.cat\/esc-serradecollbas\/wp-json\/wp\/v2\/posts\/2140\/revisions\/2144"}],"wp:attachment":[{"href":"https:\/\/agora.xtec.cat\/esc-serradecollbas\/wp-json\/wp\/v2\/media?parent=2140"}],"wp:term":[{"taxonomy":"category","embeddable":true,"href":"https:\/\/agora.xtec.cat\/esc-serradecollbas\/wp-json\/wp\/v2\/categories?post=2140"},{"taxonomy":"post_tag","embeddable":true,"href":"https:\/\/agora.xtec.cat\/esc-serradecollbas\/wp-json\/wp\/v2\/tags?post=2140"}],"curies":[{"name":"wp","href":"https:\/\/api.w.org\/{rel}","templated":true}]}}