{"id":1855,"date":"2022-05-27T11:54:17","date_gmt":"2022-05-27T09:54:17","guid":{"rendered":"https:\/\/agora.xtec.cat\/esc-serradecollbas\/?p=1855"},"modified":"2022-05-27T11:54:17","modified_gmt":"2022-05-27T09:54:17","slug":"recull-de-fotografies-antigues-del-rec","status":"publish","type":"post","link":"https:\/\/agora.xtec.cat\/esc-serradecollbas\/portada\/recull-de-fotografies-antigues-del-rec\/","title":{"rendered":"Recull de fotografies antigues del rec"},"content":{"rendered":"<p>El projecte dut a terme durant aquests darrers 3 cursos Apadrinem el nostre territori, en que apadrin\u00e0vem el rec de Carme ens ha portat a descobrir coses precioses del nostre entorn. Tamb\u00e9 ens ha deixat veure que dep\u00e8n de nosaltres, i nom\u00e9s nosaltres, que continu\u00ef ben viu. L&#8217;hem de mantenir net, hem de ser curosos amb els usos de l&#8217;aigua sobretot ara que hi ha sequera. Hem de ser conscients de la problem\u00e0tica amb l&#8217;Aq\u00fc\u00edfer Carme-Capellades. Malgrat tots aquests inconvenients creiem que tot \u00e9s possible.<\/p>\n<p>Doncs b\u00e9, ara que arribem al final d&#8217;aquest viatge (tot i que nom\u00e9s \u00e9s una parada en el nostre cam\u00ed) us volem ensenyar, mica en mica, aquelles coses que hem anat descobrint, treballant i agrupant per tal que tothom que ho vulgui, en pugui disposar.<\/p>\n<p>Aix\u00ed doncs, el primer que us volem ensenyar \u00e9s un recull de fotografies antigues, que vam poder realitzar gr\u00e0cies als ve\u00efns de Carme. Moltes gr\u00e0cies a tots i desitgem que us agradi.<\/p>\n<p>Mica en mica us anirem ensenyant m\u00e9s cosetes&#8230;<\/p>\n<div class=\"ast-oembed-container \" style=\"height: 100%;\"><iframe loading=\"lazy\" title=\"video final fotos antigues del rec de Carme\" width=\"500\" height=\"375\" src=\"https:\/\/www.youtube.com\/embed\/gYx8HcyZNbM?feature=oembed\" frameborder=\"0\" allow=\"accelerometer; autoplay; clipboard-write; encrypted-media; gyroscope; picture-in-picture; web-share\" referrerpolicy=\"strict-origin-when-cross-origin\" allowfullscreen><\/iframe><\/div>\n","protected":false},"excerpt":{"rendered":"<p>El projecte dut a terme durant aquests darrers 3 cursos Apadrinem el nostre territori, en que apadrin\u00e0vem el rec de Carme ens ha portat a descobrir coses precioses del nostre entorn. Tamb\u00e9 ens ha deixat veure que dep\u00e8n de nosaltres, i nom\u00e9s nosaltres, que continu\u00ef ben viu. L&#8217;hem de mantenir net, hem de ser curosos [&hellip;]<\/p>\n","protected":false},"author":1,"featured_media":0,"comment_status":"open","ping_status":"closed","sticky":false,"template":"","format":"standard","meta":{"_bbp_topic_count":0,"_bbp_reply_count":0,"_bbp_total_topic_count":0,"_bbp_total_reply_count":0,"_bbp_voice_count":0,"_bbp_anonymous_reply_count":0,"_bbp_topic_count_hidden":0,"_bbp_reply_count_hidden":0,"_bbp_forum_subforum_count":0,"site-sidebar-layout":"default","site-content-layout":"","ast-site-content-layout":"","site-content-style":"default","site-sidebar-style":"default","ast-global-header-display":"","ast-banner-title-visibility":"","ast-main-header-display":"","ast-hfb-above-header-display":"","ast-hfb-below-header-display":"","ast-hfb-mobile-header-display":"","site-post-title":"","ast-breadcrumbs-content":"","ast-featured-img":"","footer-sml-layout":"","theme-transparent-header-meta":"","adv-header-id-meta":"","stick-header-meta":"","header-above-stick-meta":"","header-main-stick-meta":"","header-below-stick-meta":"","astra-migrate-meta-layouts":"default","ast-page-background-enabled":"default","ast-page-background-meta":{"desktop":{"background-color":"var(--ast-global-color-4)","background-image":"","background-repeat":"repeat","background-position":"center center","background-size":"auto","background-attachment":"scroll","background-type":"","background-media":"","overlay-type":"","overlay-color":"","overlay-opacity":"","overlay-gradient":""},"tablet":{"background-color":"","background-image":"","background-repeat":"repeat","background-position":"center center","background-size":"auto","background-attachment":"scroll","background-type":"","background-media":"","overlay-type":"","overlay-color":"","overlay-opacity":"","overlay-gradient":""},"mobile":{"background-color":"","background-image":"","background-repeat":"repeat","background-position":"center center","background-size":"auto","background-attachment":"scroll","background-type":"","background-media":"","overlay-type":"","overlay-color":"","overlay-opacity":"","overlay-gradient":""}},"ast-content-background-meta":{"desktop":{"background-color":"var(--ast-global-color-5)","background-image":"","background-repeat":"repeat","background-position":"center center","background-size":"auto","background-attachment":"scroll","background-type":"","background-media":"","overlay-type":"","overlay-color":"","overlay-opacity":"","overlay-gradient":""},"tablet":{"background-color":"var(--ast-global-color-5)","background-image":"","background-repeat":"repeat","background-position":"center center","background-size":"auto","background-attachment":"scroll","background-type":"","background-media":"","overlay-type":"","overlay-color":"","overlay-opacity":"","overlay-gradient":""},"mobile":{"background-color":"var(--ast-global-color-5)","background-image":"","background-repeat":"repeat","background-position":"center center","background-size":"auto","background-attachment":"scroll","background-type":"","background-media":"","overlay-type":"","overlay-color":"","overlay-opacity":"","overlay-gradient":""}},"footnotes":""},"categories":[65,12,15,4,5],"tags":[],"class_list":["post-1855","post","type-post","status-publish","format-standard","hentry","category-apadrinem-el-nostre-patrimoni","category-3r-4t","category-5e-6e","category-portada","category-primaria"],"post_mailing_queue_ids":[],"_links":{"self":[{"href":"https:\/\/agora.xtec.cat\/esc-serradecollbas\/wp-json\/wp\/v2\/posts\/1855","targetHints":{"allow":["GET"]}}],"collection":[{"href":"https:\/\/agora.xtec.cat\/esc-serradecollbas\/wp-json\/wp\/v2\/posts"}],"about":[{"href":"https:\/\/agora.xtec.cat\/esc-serradecollbas\/wp-json\/wp\/v2\/types\/post"}],"author":[{"embeddable":true,"href":"https:\/\/agora.xtec.cat\/esc-serradecollbas\/wp-json\/wp\/v2\/users\/1"}],"replies":[{"embeddable":true,"href":"https:\/\/agora.xtec.cat\/esc-serradecollbas\/wp-json\/wp\/v2\/comments?post=1855"}],"version-history":[{"count":1,"href":"https:\/\/agora.xtec.cat\/esc-serradecollbas\/wp-json\/wp\/v2\/posts\/1855\/revisions"}],"predecessor-version":[{"id":1856,"href":"https:\/\/agora.xtec.cat\/esc-serradecollbas\/wp-json\/wp\/v2\/posts\/1855\/revisions\/1856"}],"wp:attachment":[{"href":"https:\/\/agora.xtec.cat\/esc-serradecollbas\/wp-json\/wp\/v2\/media?parent=1855"}],"wp:term":[{"taxonomy":"category","embeddable":true,"href":"https:\/\/agora.xtec.cat\/esc-serradecollbas\/wp-json\/wp\/v2\/categories?post=1855"},{"taxonomy":"post_tag","embeddable":true,"href":"https:\/\/agora.xtec.cat\/esc-serradecollbas\/wp-json\/wp\/v2\/tags?post=1855"}],"curies":[{"name":"wp","href":"https:\/\/api.w.org\/{rel}","templated":true}]}}