{"id":1664,"date":"2022-02-14T22:13:06","date_gmt":"2022-02-14T21:13:06","guid":{"rendered":"https:\/\/agora.xtec.cat\/esc-serradecollbas\/?p=1664"},"modified":"2022-02-14T22:13:06","modified_gmt":"2022-02-14T21:13:06","slug":"mig-adormits-un-conte-sobre-lhemiparesia","status":"publish","type":"post","link":"https:\/\/agora.xtec.cat\/esc-serradecollbas\/general\/mig-adormits-un-conte-sobre-lhemiparesia\/","title":{"rendered":"MIG ADORMITS, UN CONTE SOBRE L&#8217;HEMIPAR\u00c8SIA"},"content":{"rendered":"<p>Benvolgudes fam\u00edlies,<\/p>\n<p>Aquest mat\u00ed, la classe Yayoi Kusama hem rebut la visita de l\u2019Anna Garcia, la nostra contacontes de refer\u00e8ncia. Amb ella hem apr\u00e8s un parell de paraules noves que ens han fet reflexionar, la \u201cDIVERSITAT FUNCIONAL\u201d. Es tracta d\u2019un terme m\u00e9s inclusiu per parlar de les diferents discapacitats.<\/p>\n<p>L\u2019Anna ens ha llegit el conte <strong>\u201cMIG ADORMITS\u201d.<\/strong> El protagonista \u00e9s el Pol Makuri, un noi Igualad\u00ed que conviu des del naixement amb una hemipar\u00e8sia a la part dreta del cos. El llibre ens va explicant algunes de les dificultats que es troba el Pol en el seu dia a dia i com se les empesca per anar superant-les. Una hist\u00f2ria plena de somnis, reptes i superaci\u00f3.<\/p>\n<p>Per posar-nos a la pell del Pol i d&#8217;altres persones amb diversitat funcional l\u2019Anna ens ha proposat un munt d\u2019activitats. Descordar i cordar la bata o els cordons de les sabates amb la m\u00e0 no dominant, recon\u00e8ixer els companys o diferents objectes amb el sentit del tacte, tapar-nos els ulls i intentar recollir al vol una pilota amb un cascavell a dins\u2026 Ens ho hem passat molt b\u00e9!!!<\/p>\n<p>Voleu veure quina estoneta m\u00e9s interessant i divertida hem passat? Som-hi!<\/p>\n<p><a href=\"https:\/\/photos.app.goo.gl\/CJsfpnmTfwPKAkpj9\"><img loading=\"lazy\" decoding=\"async\" class=\"alignnone size-large\" src=\"https:\/\/lh3.googleusercontent.com\/pw\/AM-JKLXBSufus4hc3ebNOMOTJWPMXXS7LtgovEBTbUk4cMCEOKuinWfOOg9RyEQ5rFLWtrEUnM2jYz2YSetuf33xyxKbI6um0AGmeY-8A8ht3-BGh1SMZcETOsTWuEw4q9_jD2wSXKocyi9Px-vDSvqTKFQ5=w400-h200-no?authuser=1\" width=\"400\" height=\"200\" \/><\/a><\/p>\n","protected":false},"excerpt":{"rendered":"<p>Benvolgudes fam\u00edlies, Aquest mat\u00ed, la classe Yayoi Kusama hem rebut la visita de l\u2019Anna Garcia, la nostra contacontes de refer\u00e8ncia. Amb ella hem apr\u00e8s un parell de paraules noves que ens han fet reflexionar, la \u201cDIVERSITAT FUNCIONAL\u201d. Es tracta d\u2019un terme m\u00e9s inclusiu per parlar de les diferents discapacitats. L\u2019Anna ens ha llegit el conte [&hellip;]<\/p>\n","protected":false},"author":6,"featured_media":0,"comment_status":"open","ping_status":"closed","sticky":false,"template":"","format":"standard","meta":{"_bbp_topic_count":0,"_bbp_reply_count":0,"_bbp_total_topic_count":0,"_bbp_total_reply_count":0,"_bbp_voice_count":0,"_bbp_anonymous_reply_count":0,"_bbp_topic_count_hidden":0,"_bbp_reply_count_hidden":0,"_bbp_forum_subforum_count":0,"site-sidebar-layout":"default","site-content-layout":"","ast-site-content-layout":"","site-content-style":"default","site-sidebar-style":"default","ast-global-header-display":"","ast-banner-title-visibility":"","ast-main-header-display":"","ast-hfb-above-header-display":"","ast-hfb-below-header-display":"","ast-hfb-mobile-header-display":"","site-post-title":"","ast-breadcrumbs-content":"","ast-featured-img":"","footer-sml-layout":"","theme-transparent-header-meta":"","adv-header-id-meta":"","stick-header-meta":"","header-above-stick-meta":"","header-main-stick-meta":"","header-below-stick-meta":"","astra-migrate-meta-layouts":"default","ast-page-background-enabled":"default","ast-page-background-meta":{"desktop":{"background-color":"var(--ast-global-color-4)","background-image":"","background-repeat":"repeat","background-position":"center center","background-size":"auto","background-attachment":"scroll","background-type":"","background-media":"","overlay-type":"","overlay-color":"","overlay-opacity":"","overlay-gradient":""},"tablet":{"background-color":"","background-image":"","background-repeat":"repeat","background-position":"center center","background-size":"auto","background-attachment":"scroll","background-type":"","background-media":"","overlay-type":"","overlay-color":"","overlay-opacity":"","overlay-gradient":""},"mobile":{"background-color":"","background-image":"","background-repeat":"repeat","background-position":"center center","background-size":"auto","background-attachment":"scroll","background-type":"","background-media":"","overlay-type":"","overlay-color":"","overlay-opacity":"","overlay-gradient":""}},"ast-content-background-meta":{"desktop":{"background-color":"var(--ast-global-color-5)","background-image":"","background-repeat":"repeat","background-position":"center center","background-size":"auto","background-attachment":"scroll","background-type":"","background-media":"","overlay-type":"","overlay-color":"","overlay-opacity":"","overlay-gradient":""},"tablet":{"background-color":"var(--ast-global-color-5)","background-image":"","background-repeat":"repeat","background-position":"center center","background-size":"auto","background-attachment":"scroll","background-type":"","background-media":"","overlay-type":"","overlay-color":"","overlay-opacity":"","overlay-gradient":""},"mobile":{"background-color":"var(--ast-global-color-5)","background-image":"","background-repeat":"repeat","background-position":"center center","background-size":"auto","background-attachment":"scroll","background-type":"","background-media":"","overlay-type":"","overlay-color":"","overlay-opacity":"","overlay-gradient":""}},"footnotes":""},"categories":[10,1,4,5],"tags":[],"class_list":["post-1664","post","type-post","status-publish","format-standard","hentry","category-1r-2n","category-general","category-portada","category-primaria"],"post_mailing_queue_ids":[],"_links":{"self":[{"href":"https:\/\/agora.xtec.cat\/esc-serradecollbas\/wp-json\/wp\/v2\/posts\/1664","targetHints":{"allow":["GET"]}}],"collection":[{"href":"https:\/\/agora.xtec.cat\/esc-serradecollbas\/wp-json\/wp\/v2\/posts"}],"about":[{"href":"https:\/\/agora.xtec.cat\/esc-serradecollbas\/wp-json\/wp\/v2\/types\/post"}],"author":[{"embeddable":true,"href":"https:\/\/agora.xtec.cat\/esc-serradecollbas\/wp-json\/wp\/v2\/users\/6"}],"replies":[{"embeddable":true,"href":"https:\/\/agora.xtec.cat\/esc-serradecollbas\/wp-json\/wp\/v2\/comments?post=1664"}],"version-history":[{"count":2,"href":"https:\/\/agora.xtec.cat\/esc-serradecollbas\/wp-json\/wp\/v2\/posts\/1664\/revisions"}],"predecessor-version":[{"id":1666,"href":"https:\/\/agora.xtec.cat\/esc-serradecollbas\/wp-json\/wp\/v2\/posts\/1664\/revisions\/1666"}],"wp:attachment":[{"href":"https:\/\/agora.xtec.cat\/esc-serradecollbas\/wp-json\/wp\/v2\/media?parent=1664"}],"wp:term":[{"taxonomy":"category","embeddable":true,"href":"https:\/\/agora.xtec.cat\/esc-serradecollbas\/wp-json\/wp\/v2\/categories?post=1664"},{"taxonomy":"post_tag","embeddable":true,"href":"https:\/\/agora.xtec.cat\/esc-serradecollbas\/wp-json\/wp\/v2\/tags?post=1664"}],"curies":[{"name":"wp","href":"https:\/\/api.w.org\/{rel}","templated":true}]}}