{"id":1652,"date":"2022-02-08T16:07:29","date_gmt":"2022-02-08T15:07:29","guid":{"rendered":"https:\/\/agora.xtec.cat\/esc-serradecollbas\/?p=1652"},"modified":"2022-02-08T16:19:45","modified_gmt":"2022-02-08T15:19:45","slug":"iniciem-els-projecte-dels-ukeleles-a-lescola","status":"publish","type":"post","link":"https:\/\/agora.xtec.cat\/esc-serradecollbas\/general\/iniciem-els-projecte-dels-ukeleles-a-lescola\/","title":{"rendered":"Iniciem els projecte dels Ukeleles a l&#8217;escola"},"content":{"rendered":"<p>Per fiiii!! Ja tenim els \ud83c\udfbcukeleles\ud83c\udfb8 a l&#8217;escola!<\/p>\n<p>En ten\u00edem tantes ganes que l&#8217;espera se&#8217;ns ha fet eterna. Per\u00f2 per fi ha arribat el dia.<\/p>\n<p>Amb tots els grups de prim\u00e0ria ja hem vist in tocat els ukeleles. S\u00f3n preciosos i de tots colors: blaus, verds, roses, vermells, taronges! I sonen tan b\u00e9&#8230;despr\u00e9s d&#8217;afinar-los\ud83d\ude09!<\/p>\n<p>Aquesta \u00e9s la tasca dels primers dies, aprendre a afinar els ukeleles. Ho fem amb uns afinadors electr\u00f2nics per\u00f2 aquesta feina ens ensenya a tenir paci\u00e8ncia i a ensenyar l&#8217;o\u00efda.<\/p>\n<p>Cada ukelele tindr\u00e0 el seu padr\u00ed i per aix\u00f2 hem dissenyat unes targetes per identificar-los, per\u00f2 ara per ara no ho hem comen\u00e7at fins que tots els nostres companys que ara s\u00f3n a casa, tornin a l&#8217;escola.<\/p>\n<p>Tots hem de poder triar el color de l&#8217;ukelele que ens agradi m\u00e9s. Per\u00f2 tamb\u00e9 us podem dir, que un cop els hem tocat una mica, el color ja no \u00e9s tant important&#8230;<\/p>\n<p>Va, que l&#8217;aventura tot just comen\u00e7a&#8230;per\u00f2 sona tant b\u00e9&#8230;.<\/p>\n<p>Va, que us els ensenyem!<\/p>\n<p><a href=\"https:\/\/photos.app.goo.gl\/ee7AHAqGAXxs8nyS9\"><img loading=\"lazy\" decoding=\"async\" class=\"alignnone \" src=\"https:\/\/lh3.googleusercontent.com\/0-QfDYn5eYUZJKrNDr1iIU1CS0oon6jPsn2XAAwJMGJUGXIyL9jxN3l1rqHP6bexFwyg7ZSt66CedB410kNUayV9ydVY17OFIpQoAznBBHcRJsqUFx5HO2GHwLZddgpB3TIK-LSjZ5NMGA7Q5G5uIhWHJeh-iL56b3SUdKTqdsjVb-Fkom58EEkwC_2mvV6ARvhij5fQbSFnwCF--0YoIwZCz063PtE2XV0KL29ykLDm75uDTIsxqnYtytbVsMRPcArw0veE65WWAnFfE20ajchBkw9dutTF7UuTHP_XW3RvSQYfuaKUrxA6V6idWIs4kwiSaxXVBEpCyPf43hVoxh3E3n879zgTogi3cXTuW3j9S25l6QhNMCDMTezNX1uwHXuIMzCnDjiFrbT7Yeu2e60Wfr4WK9f3P1WUL38UJSdTshd2ueILveD6mMA0wplW8Lpj7mao7vbdbjUZfbXd4_ouCBCPkDZEyifud1lTGYM6JIH9oTos2b_rgQ_hx1pG2aM5lrjmJMwRS-nEP4mk36cejfaQtEizr1oASE7A-0jtpKJHojQqXklzAKLUOxeqI4psaaIrRuu0iSoQf3AbQLj1psxBdsTdtbJsy2GwY3vuoaJKG9fPbCZS_svhlaOBTv6EAHueTH1pDOdDzxhZs3kSYZPoERJIN6qOuMnuccOVn2U5JkxcZqUcw_7xVY2YvUTOrDbcRR0SUcvgWshTBHpZ=w478-h969-no?authuser=2\" width=\"606\" height=\"298\" \/><\/a><\/p>\n","protected":false},"excerpt":{"rendered":"<p>Per fiiii!! Ja tenim els \ud83c\udfbcukeleles\ud83c\udfb8 a l&#8217;escola! En ten\u00edem tantes ganes que l&#8217;espera se&#8217;ns ha fet eterna. Per\u00f2 per fi ha arribat el dia. Amb tots els grups de prim\u00e0ria ja hem vist in tocat els ukeleles. S\u00f3n preciosos i de tots colors: blaus, verds, roses, vermells, taronges! I sonen tan b\u00e9&#8230;despr\u00e9s d&#8217;afinar-los\ud83d\ude09! Aquesta [&hellip;]<\/p>\n","protected":false},"author":1,"featured_media":0,"comment_status":"open","ping_status":"closed","sticky":false,"template":"","format":"standard","meta":{"_bbp_topic_count":0,"_bbp_reply_count":0,"_bbp_total_topic_count":0,"_bbp_total_reply_count":0,"_bbp_voice_count":0,"_bbp_anonymous_reply_count":0,"_bbp_topic_count_hidden":0,"_bbp_reply_count_hidden":0,"_bbp_forum_subforum_count":0,"site-sidebar-layout":"default","site-content-layout":"","ast-site-content-layout":"","site-content-style":"default","site-sidebar-style":"default","ast-global-header-display":"","ast-banner-title-visibility":"","ast-main-header-display":"","ast-hfb-above-header-display":"","ast-hfb-below-header-display":"","ast-hfb-mobile-header-display":"","site-post-title":"","ast-breadcrumbs-content":"","ast-featured-img":"","footer-sml-layout":"","theme-transparent-header-meta":"","adv-header-id-meta":"","stick-header-meta":"","header-above-stick-meta":"","header-main-stick-meta":"","header-below-stick-meta":"","astra-migrate-meta-layouts":"default","ast-page-background-enabled":"default","ast-page-background-meta":{"desktop":{"background-color":"var(--ast-global-color-4)","background-image":"","background-repeat":"repeat","background-position":"center center","background-size":"auto","background-attachment":"scroll","background-type":"","background-media":"","overlay-type":"","overlay-color":"","overlay-opacity":"","overlay-gradient":""},"tablet":{"background-color":"","background-image":"","background-repeat":"repeat","background-position":"center center","background-size":"auto","background-attachment":"scroll","background-type":"","background-media":"","overlay-type":"","overlay-color":"","overlay-opacity":"","overlay-gradient":""},"mobile":{"background-color":"","background-image":"","background-repeat":"repeat","background-position":"center center","background-size":"auto","background-attachment":"scroll","background-type":"","background-media":"","overlay-type":"","overlay-color":"","overlay-opacity":"","overlay-gradient":""}},"ast-content-background-meta":{"desktop":{"background-color":"var(--ast-global-color-5)","background-image":"","background-repeat":"repeat","background-position":"center center","background-size":"auto","background-attachment":"scroll","background-type":"","background-media":"","overlay-type":"","overlay-color":"","overlay-opacity":"","overlay-gradient":""},"tablet":{"background-color":"var(--ast-global-color-5)","background-image":"","background-repeat":"repeat","background-position":"center center","background-size":"auto","background-attachment":"scroll","background-type":"","background-media":"","overlay-type":"","overlay-color":"","overlay-opacity":"","overlay-gradient":""},"mobile":{"background-color":"var(--ast-global-color-5)","background-image":"","background-repeat":"repeat","background-position":"center center","background-size":"auto","background-attachment":"scroll","background-type":"","background-media":"","overlay-type":"","overlay-color":"","overlay-opacity":"","overlay-gradient":""}},"footnotes":""},"categories":[1,66,4,5],"tags":[],"class_list":["post-1652","post","type-post","status-publish","format-standard","hentry","category-general","category-musica","category-portada","category-primaria"],"post_mailing_queue_ids":[],"_links":{"self":[{"href":"https:\/\/agora.xtec.cat\/esc-serradecollbas\/wp-json\/wp\/v2\/posts\/1652","targetHints":{"allow":["GET"]}}],"collection":[{"href":"https:\/\/agora.xtec.cat\/esc-serradecollbas\/wp-json\/wp\/v2\/posts"}],"about":[{"href":"https:\/\/agora.xtec.cat\/esc-serradecollbas\/wp-json\/wp\/v2\/types\/post"}],"author":[{"embeddable":true,"href":"https:\/\/agora.xtec.cat\/esc-serradecollbas\/wp-json\/wp\/v2\/users\/1"}],"replies":[{"embeddable":true,"href":"https:\/\/agora.xtec.cat\/esc-serradecollbas\/wp-json\/wp\/v2\/comments?post=1652"}],"version-history":[{"count":1,"href":"https:\/\/agora.xtec.cat\/esc-serradecollbas\/wp-json\/wp\/v2\/posts\/1652\/revisions"}],"predecessor-version":[{"id":1653,"href":"https:\/\/agora.xtec.cat\/esc-serradecollbas\/wp-json\/wp\/v2\/posts\/1652\/revisions\/1653"}],"wp:attachment":[{"href":"https:\/\/agora.xtec.cat\/esc-serradecollbas\/wp-json\/wp\/v2\/media?parent=1652"}],"wp:term":[{"taxonomy":"category","embeddable":true,"href":"https:\/\/agora.xtec.cat\/esc-serradecollbas\/wp-json\/wp\/v2\/categories?post=1652"},{"taxonomy":"post_tag","embeddable":true,"href":"https:\/\/agora.xtec.cat\/esc-serradecollbas\/wp-json\/wp\/v2\/tags?post=1652"}],"curies":[{"name":"wp","href":"https:\/\/api.w.org\/{rel}","templated":true}]}}