{"id":1643,"date":"2022-02-02T15:40:43","date_gmt":"2022-02-02T14:40:43","guid":{"rendered":"https:\/\/agora.xtec.cat\/esc-serradecollbas\/?p=1643"},"modified":"2022-02-02T18:02:14","modified_gmt":"2022-02-02T17:02:14","slug":"el-rec-de-carme-al-canal-taronja","status":"publish","type":"post","link":"https:\/\/agora.xtec.cat\/esc-serradecollbas\/general\/el-rec-de-carme-al-canal-taronja\/","title":{"rendered":"EL REC DE CARME AL CANAL TARONJA"},"content":{"rendered":"<p style=\"text-align: left;\">Bona tarda fam\u00edlies,<\/p>\n<p>Avui la classe de la Gina Giore estem especialment contents ja que despr\u00e9s de tres anyets treballant en el nostre projecte del REC de Carme, hem pogut mostrar-lo a la televisi\u00f3 de la nostra comarca. S\u00ed,s\u00ed,&#8230; com ho llegiu, avui han vingut una periodista i un c\u00e0mera del Canal Taronja a gravar-nos i hem estat nosaltres mateixos els qui els hem explicat tot el que hem apr\u00e8s sobre el REC de Carme. Quina s\u00faper aventura i quina il\u00b7lusi\u00f3!<\/p>\n<p>Voleu veure un petit aven\u00e7? Doncs ja sabeu, cliqueu la foto i ho podreu veure. Eiii&#8230; i tranquils, que el proper dijous 10 de febrer podreu veure el programa sencer al Canal Taronja. Quins nervis&#8230;<\/p>\n<p><a href=\"https:\/\/photos.app.goo.gl\/CU7GTteYWsP9eJrq8\"><img loading=\"lazy\" decoding=\"async\" class=\"aligncenter size-large\" src=\"https:\/\/lh3.googleusercontent.com\/4qIinZxTIdekF_3L0Li7PI3SLjK97UD-4ubFNGb9gjE5qohv0nyvyXN3QpLplRCe6ntDvQun3qURrb9Olg2iONnfR8dD-id253iUnWxTeoOZkP8xYG-Q8tOyAg_CtFDTaWhEx8o_Jzl1WyB5LOk81joo8n9j5fvQjPTgTzvYAtu8C8-OeuWp-6yYWBsvAL7C9zwF3UHQg7QQT4lDMkk1yqSjCN4s1yl9hCRLZTadzKuXOlrCgMsDdjYXBWExb8OMhrOCoAa87k1WZfPV8Dc8WFSwSk92LyjRm6uXAwmOcVxcklog7IWAeGvRyeCqh6CE_IFrXY__pcfJKRLG8x_by2gHaF7tlwjBMN4qGtqZACxOPzqn5_aZUCsWZgtb8vXR9baG7CWuSXVt-OVTpxW8vEOX8nnRUB-oRdzR6txUOGBO0Bqnp-5caJ98RBmvwaBcvUSsKAcTlIS_XXe25UNOeLq1pU71h6ThqPDUw3X_Mr5FGxFbAiXOaZBvJmmtSrsaszeptA4rk1Bx5C5jKuit48eDWzPP67vYyTisegqg1m5BbbOphdDE6ORJYjA5bOFHY1CSz4NSsRrfsM4tdaaYGDRMj8A3kEfaxgC7PL4zw1kvMxPI9cCHryT1g4v-1KcWlfsnzmrqtg2Ldubc3Gd9THMV3pqT5BMLAqfzi4kW5BIOqxxkaZqLdDAn_wyZTx-IAUrMvHfT0IUubKCZFIWHqFI=w640-h480-no?authuser=0\" width=\"640\" height=\"480\" \/><\/a><\/p>\n","protected":false},"excerpt":{"rendered":"<p>Bona tarda fam\u00edlies, Avui la classe de la Gina Giore estem especialment contents ja que despr\u00e9s de tres anyets treballant en el nostre projecte del REC de Carme, hem pogut mostrar-lo a la televisi\u00f3 de la nostra comarca. S\u00ed,s\u00ed,&#8230; com ho llegiu, avui han vingut una periodista i un c\u00e0mera del Canal Taronja a gravar-nos [&hellip;]<\/p>\n","protected":false},"author":7,"featured_media":0,"comment_status":"open","ping_status":"closed","sticky":false,"template":"","format":"standard","meta":{"_bbp_topic_count":0,"_bbp_reply_count":0,"_bbp_total_topic_count":0,"_bbp_total_reply_count":0,"_bbp_voice_count":0,"_bbp_anonymous_reply_count":0,"_bbp_topic_count_hidden":0,"_bbp_reply_count_hidden":0,"_bbp_forum_subforum_count":0,"site-sidebar-layout":"default","site-content-layout":"","ast-site-content-layout":"","site-content-style":"default","site-sidebar-style":"default","ast-global-header-display":"","ast-banner-title-visibility":"","ast-main-header-display":"","ast-hfb-above-header-display":"","ast-hfb-below-header-display":"","ast-hfb-mobile-header-display":"","site-post-title":"","ast-breadcrumbs-content":"","ast-featured-img":"","footer-sml-layout":"","theme-transparent-header-meta":"","adv-header-id-meta":"","stick-header-meta":"","header-above-stick-meta":"","header-main-stick-meta":"","header-below-stick-meta":"","astra-migrate-meta-layouts":"default","ast-page-background-enabled":"default","ast-page-background-meta":{"desktop":{"background-color":"var(--ast-global-color-4)","background-image":"","background-repeat":"repeat","background-position":"center center","background-size":"auto","background-attachment":"scroll","background-type":"","background-media":"","overlay-type":"","overlay-color":"","overlay-opacity":"","overlay-gradient":""},"tablet":{"background-color":"","background-image":"","background-repeat":"repeat","background-position":"center center","background-size":"auto","background-attachment":"scroll","background-type":"","background-media":"","overlay-type":"","overlay-color":"","overlay-opacity":"","overlay-gradient":""},"mobile":{"background-color":"","background-image":"","background-repeat":"repeat","background-position":"center center","background-size":"auto","background-attachment":"scroll","background-type":"","background-media":"","overlay-type":"","overlay-color":"","overlay-opacity":"","overlay-gradient":""}},"ast-content-background-meta":{"desktop":{"background-color":"var(--ast-global-color-5)","background-image":"","background-repeat":"repeat","background-position":"center center","background-size":"auto","background-attachment":"scroll","background-type":"","background-media":"","overlay-type":"","overlay-color":"","overlay-opacity":"","overlay-gradient":""},"tablet":{"background-color":"var(--ast-global-color-5)","background-image":"","background-repeat":"repeat","background-position":"center center","background-size":"auto","background-attachment":"scroll","background-type":"","background-media":"","overlay-type":"","overlay-color":"","overlay-opacity":"","overlay-gradient":""},"mobile":{"background-color":"var(--ast-global-color-5)","background-image":"","background-repeat":"repeat","background-position":"center center","background-size":"auto","background-attachment":"scroll","background-type":"","background-media":"","overlay-type":"","overlay-color":"","overlay-opacity":"","overlay-gradient":""}},"footnotes":""},"categories":[65,15,1,4,5],"tags":[],"class_list":["post-1643","post","type-post","status-publish","format-standard","hentry","category-apadrinem-el-nostre-patrimoni","category-5e-6e","category-general","category-portada","category-primaria"],"post_mailing_queue_ids":[],"_links":{"self":[{"href":"https:\/\/agora.xtec.cat\/esc-serradecollbas\/wp-json\/wp\/v2\/posts\/1643","targetHints":{"allow":["GET"]}}],"collection":[{"href":"https:\/\/agora.xtec.cat\/esc-serradecollbas\/wp-json\/wp\/v2\/posts"}],"about":[{"href":"https:\/\/agora.xtec.cat\/esc-serradecollbas\/wp-json\/wp\/v2\/types\/post"}],"author":[{"embeddable":true,"href":"https:\/\/agora.xtec.cat\/esc-serradecollbas\/wp-json\/wp\/v2\/users\/7"}],"replies":[{"embeddable":true,"href":"https:\/\/agora.xtec.cat\/esc-serradecollbas\/wp-json\/wp\/v2\/comments?post=1643"}],"version-history":[{"count":3,"href":"https:\/\/agora.xtec.cat\/esc-serradecollbas\/wp-json\/wp\/v2\/posts\/1643\/revisions"}],"predecessor-version":[{"id":1647,"href":"https:\/\/agora.xtec.cat\/esc-serradecollbas\/wp-json\/wp\/v2\/posts\/1643\/revisions\/1647"}],"wp:attachment":[{"href":"https:\/\/agora.xtec.cat\/esc-serradecollbas\/wp-json\/wp\/v2\/media?parent=1643"}],"wp:term":[{"taxonomy":"category","embeddable":true,"href":"https:\/\/agora.xtec.cat\/esc-serradecollbas\/wp-json\/wp\/v2\/categories?post=1643"},{"taxonomy":"post_tag","embeddable":true,"href":"https:\/\/agora.xtec.cat\/esc-serradecollbas\/wp-json\/wp\/v2\/tags?post=1643"}],"curies":[{"name":"wp","href":"https:\/\/api.w.org\/{rel}","templated":true}]}}