{"id":1640,"date":"2022-01-31T15:42:13","date_gmt":"2022-01-31T14:42:13","guid":{"rendered":"https:\/\/agora.xtec.cat\/esc-serradecollbas\/?p=1640"},"modified":"2022-01-31T15:42:13","modified_gmt":"2022-01-31T14:42:13","slug":"que-es-la-diversitat-funcional","status":"publish","type":"post","link":"https:\/\/agora.xtec.cat\/esc-serradecollbas\/general\/que-es-la-diversitat-funcional\/","title":{"rendered":"QU\u00c8 \u00c9S LA DIVERSITAT FUNCIONAL?"},"content":{"rendered":"<p>Bona tarda fam\u00edlies, <\/p>\n<p>Aquest mat\u00ed la classe de la Gina Giore hem rebut la visita de l&#8217;Anna, l&#8217;educadora social, i ens ha parlat d&#8217;un tema molt interessant: la diversitat funcional. Doncs b\u00e9, despr\u00e9s de parlar-ne, visionar un v\u00eddeo i explicar-nos la seva hist\u00f2ria personal, hem dissenyat diverses obres d&#8217;art tenint en compte algunes diversitats funcionals: dibuixar amb la m\u00e0 contr\u00e0ria a l&#8217;habitual, dibuixar amb els ulls tapats, dibuixar amb els peus&#8230; <\/p>\n<p>Qu\u00e8 maco! Ha resultat una activitat molt bonica i molt vivencial! Ens ha encantat!<\/p>\n<p>Voleu veure les obres finals? Cliqueu la seg\u00fcent imatge.<\/p>\n<p><a href=\"https:\/\/photos.app.goo.gl\/nhWFVkCqe4j5aKGj9\"><img loading=\"lazy\" decoding=\"async\" src=\"https:\/\/lh3.googleusercontent.com\/4-fgiDSVKg1xO15TEp1moq3XEBiP44GRHl-QXJWIwrlvbSFN__zVR03NeusmiEyvNnCGNf3stioGglY4BNrFOY1-r_VoI5xGXh1Ro8VLpIB539ftKwi8o30ZFiAXvp3tWngdPpNU40qgpjKZEE8KYGKit7xqqiYDG7r0H3kzrL8xraGqUdo1Igy9O311I4GAP05aJTTCN8P-F5Lw0MhDbIFC5lopVqK9BjKYzg10RjroyDFVuT5yELuVlhj53jZBvC0K1FG6zSad-ecUJs-KTyHCCAjjvz7-3rE7TLNSYeLEtdEFBn9eol3Bd6Uqp6H2yVQWoqDxFKt28f9ds9O0PRu5OqrKqAJhoBpVDwAHVucGuNkkGd6QFdv6IpE2vcLnMnogU8zOc50bEHL5XnpF0WoKivs_Wqgux-hFHC5vRNnIv-Lwale2aleqtZj1_7A8SKhmDLXWEiVsecALcYTlPa4-RDB-NZXgBaPr0GJBepbCl320ha4Ctiy1lYOH_n1g9GctSvxksEEm-jBRvSOquVCmvuWzhNbvRb4jkJJgr96rpqJnYPWDtJv_yQdma94FVfExiiLj0wccxtwszRBjfe2ZQG1g8HpY6fZj2f82z5IM0l2KHkEHTkUbdobPEdSl9xM7ZTzRWnn6z-O2FcXA6nka3vl2abxku9h6KfUWa5i-cbY6dHAWBtZTv_C1HWtUzwdgI0LoMyksggR50S1DPMYd=w1280-h720-no?authuser=0\" width=\"1280\" height=\"720\" class=\"aligncenter size-large\" \/><\/a><\/p>\n","protected":false},"excerpt":{"rendered":"<p>Bona tarda fam\u00edlies, Aquest mat\u00ed la classe de la Gina Giore hem rebut la visita de l&#8217;Anna, l&#8217;educadora social, i ens ha parlat d&#8217;un tema molt interessant: la diversitat funcional. Doncs b\u00e9, despr\u00e9s de parlar-ne, visionar un v\u00eddeo i explicar-nos la seva hist\u00f2ria personal, hem dissenyat diverses obres d&#8217;art tenint en compte algunes diversitats funcionals: [&hellip;]<\/p>\n","protected":false},"author":7,"featured_media":0,"comment_status":"open","ping_status":"closed","sticky":false,"template":"","format":"standard","meta":{"_bbp_topic_count":0,"_bbp_reply_count":0,"_bbp_total_topic_count":0,"_bbp_total_reply_count":0,"_bbp_voice_count":0,"_bbp_anonymous_reply_count":0,"_bbp_topic_count_hidden":0,"_bbp_reply_count_hidden":0,"_bbp_forum_subforum_count":0,"site-sidebar-layout":"default","site-content-layout":"","ast-site-content-layout":"","site-content-style":"default","site-sidebar-style":"default","ast-global-header-display":"","ast-banner-title-visibility":"","ast-main-header-display":"","ast-hfb-above-header-display":"","ast-hfb-below-header-display":"","ast-hfb-mobile-header-display":"","site-post-title":"","ast-breadcrumbs-content":"","ast-featured-img":"","footer-sml-layout":"","theme-transparent-header-meta":"","adv-header-id-meta":"","stick-header-meta":"","header-above-stick-meta":"","header-main-stick-meta":"","header-below-stick-meta":"","astra-migrate-meta-layouts":"default","ast-page-background-enabled":"default","ast-page-background-meta":{"desktop":{"background-color":"var(--ast-global-color-4)","background-image":"","background-repeat":"repeat","background-position":"center center","background-size":"auto","background-attachment":"scroll","background-type":"","background-media":"","overlay-type":"","overlay-color":"","overlay-opacity":"","overlay-gradient":""},"tablet":{"background-color":"","background-image":"","background-repeat":"repeat","background-position":"center center","background-size":"auto","background-attachment":"scroll","background-type":"","background-media":"","overlay-type":"","overlay-color":"","overlay-opacity":"","overlay-gradient":""},"mobile":{"background-color":"","background-image":"","background-repeat":"repeat","background-position":"center center","background-size":"auto","background-attachment":"scroll","background-type":"","background-media":"","overlay-type":"","overlay-color":"","overlay-opacity":"","overlay-gradient":""}},"ast-content-background-meta":{"desktop":{"background-color":"var(--ast-global-color-5)","background-image":"","background-repeat":"repeat","background-position":"center center","background-size":"auto","background-attachment":"scroll","background-type":"","background-media":"","overlay-type":"","overlay-color":"","overlay-opacity":"","overlay-gradient":""},"tablet":{"background-color":"var(--ast-global-color-5)","background-image":"","background-repeat":"repeat","background-position":"center center","background-size":"auto","background-attachment":"scroll","background-type":"","background-media":"","overlay-type":"","overlay-color":"","overlay-opacity":"","overlay-gradient":""},"mobile":{"background-color":"var(--ast-global-color-5)","background-image":"","background-repeat":"repeat","background-position":"center center","background-size":"auto","background-attachment":"scroll","background-type":"","background-media":"","overlay-type":"","overlay-color":"","overlay-opacity":"","overlay-gradient":""}},"footnotes":""},"categories":[15,1,4,5],"tags":[],"class_list":["post-1640","post","type-post","status-publish","format-standard","hentry","category-5e-6e","category-general","category-portada","category-primaria"],"post_mailing_queue_ids":[],"_links":{"self":[{"href":"https:\/\/agora.xtec.cat\/esc-serradecollbas\/wp-json\/wp\/v2\/posts\/1640","targetHints":{"allow":["GET"]}}],"collection":[{"href":"https:\/\/agora.xtec.cat\/esc-serradecollbas\/wp-json\/wp\/v2\/posts"}],"about":[{"href":"https:\/\/agora.xtec.cat\/esc-serradecollbas\/wp-json\/wp\/v2\/types\/post"}],"author":[{"embeddable":true,"href":"https:\/\/agora.xtec.cat\/esc-serradecollbas\/wp-json\/wp\/v2\/users\/7"}],"replies":[{"embeddable":true,"href":"https:\/\/agora.xtec.cat\/esc-serradecollbas\/wp-json\/wp\/v2\/comments?post=1640"}],"version-history":[{"count":2,"href":"https:\/\/agora.xtec.cat\/esc-serradecollbas\/wp-json\/wp\/v2\/posts\/1640\/revisions"}],"predecessor-version":[{"id":1642,"href":"https:\/\/agora.xtec.cat\/esc-serradecollbas\/wp-json\/wp\/v2\/posts\/1640\/revisions\/1642"}],"wp:attachment":[{"href":"https:\/\/agora.xtec.cat\/esc-serradecollbas\/wp-json\/wp\/v2\/media?parent=1640"}],"wp:term":[{"taxonomy":"category","embeddable":true,"href":"https:\/\/agora.xtec.cat\/esc-serradecollbas\/wp-json\/wp\/v2\/categories?post=1640"},{"taxonomy":"post_tag","embeddable":true,"href":"https:\/\/agora.xtec.cat\/esc-serradecollbas\/wp-json\/wp\/v2\/tags?post=1640"}],"curies":[{"name":"wp","href":"https:\/\/api.w.org\/{rel}","templated":true}]}}