{"id":1621,"date":"2022-01-24T15:42:34","date_gmt":"2022-01-24T14:42:34","guid":{"rendered":"https:\/\/agora.xtec.cat\/esc-serradecollbas\/?p=1621"},"modified":"2022-01-24T15:42:34","modified_gmt":"2022-01-24T14:42:34","slug":"el-llarg-viatge-de-larc-de-sant-marti","status":"publish","type":"post","link":"https:\/\/agora.xtec.cat\/esc-serradecollbas\/general\/el-llarg-viatge-de-larc-de-sant-marti\/","title":{"rendered":"El llarg viatge de l&#8217;arc de Sant Mart\u00ed"},"content":{"rendered":"<p>Bona tarda fam\u00edlies de cicle mitj\u00e0:<\/p>\n<p>Avui a la classe Elisabet Serra ens ha fet una visita l&#8217; Anna Garcia, contacontes del consell comarcal, per explicar-nos la hist\u00f2ria <strong>&#8220;El llarg viatge de l&#8217;arc de Sant Mart\u00ed&#8221;<\/strong> i parlar sobre un projecte que farem al llarg del segon i tercer trimestre. Es tracta de realitzar una obra de teatre sobre el conte que ens ha explicat i que tracta sobre la <strong>diversitat cultural i funcional<\/strong>.<\/p>\n<p>L&#8217;objectiu principal del projecte \u00e9s con\u00e8ixer, comprendre i respectar les diferents cultures i difer\u00e8ncies entre persones, aix\u00ed com la igualtat de drets i la no discriminaci\u00f3 de persones amb discapacitat.<\/p>\n<p>Hem estat parlant de les diferents discapacitats que podem trobar en les persones, aix\u00ed com treballar el respecte i el reconeixement de la difer\u00e8ncia.<\/p>\n<p>Amb l&#8217;ajuda de l&#8217; Anna Garcia hem comen\u00e7at a fer un esborrany de l&#8217;obra de teatre i dels personatges que sortiran en aquesta, basats en el conte que ens ha explicat aquest mat\u00ed.<\/p>\n<p>Tenim moltes ganes de comen\u00e7ar aquest nou projecte !!!<\/p>\n<p>ENDAVANT !!!<\/p>\n<p>Cliqueu a la fotografia per veure m\u00e9s imatges.<\/p>\n<p><a href=\"https:\/\/photos.app.goo.gl\/kyH4WppWxqd2FXZY6\"><img loading=\"lazy\" decoding=\"async\" class=\"aligncenter size-large\" src=\"https:\/\/lh3.googleusercontent.com\/mquQMuitZju5kBGnBAo-YKbxvp1c-nvixP3focp5hZ4VFp1_sePN4L1dbDdYyIzM5gKW14QbWZVpSyPS_kTJn4MJm3EzOGH7kbYTvqbIiyYayLSeGy3URE_jEe_3hNRHpX35PKY1ZUXs7KSOcGwYFJNdb8LLemQrL44GXveTnsuhDcUiHRoIslskrBFj4V2HvU-OScjwGqU4wgftDbAqowleCS67m4qR8zB13WIyj-gzKQRSqZ5R15gq10NXufQ77ufD2Gt0i3TWEXi-pz8f1TQ6KRo1gxp1lq4n0kroEPNAxuhfmJxbSI6RFdLldN0cig-wCh5E81NjSnSm0UqJUZGRiyMl65ayi_gvxRDaXJufgO6JIdrT5jYKV4n4H7FieRmUuFXtBIpTvh3erSsAz6x8z90inKJ4xCkfkS33Gspg-tW50auicBQYyX6JPMrZKIuZdT28mX9so5rwwMsD7yEmBxV3ZZK3U0moZhwcx6UYwBHUW1TTSAoVvwhwmbgxVPdUcxTgDLayLNdLE0BvStJ5yjXxSRI2MUflVSY0gyTbr8jsEx4Ny0xUWsLzf4z2qDiw-WFmncbkggkMokV0HNK6ybfXFL_NjAZ4D14VPLG_4tPW2wXJhLl49nTmc6r8qbUxFtuf9Ea19MxEySM9QzfyJy0lObbQvls6d5s0IrulcFHyum3UuNFvBMiyHw3zlzcYHjYgE0DoOp-Qx5Gk3v0=w1177-h883-no?authuser=0\" width=\"1177\" height=\"883\" \/><\/a><\/p>\n","protected":false},"excerpt":{"rendered":"<p>Bona tarda fam\u00edlies de cicle mitj\u00e0: Avui a la classe Elisabet Serra ens ha fet una visita l&#8217; Anna Garcia, contacontes del consell comarcal, per explicar-nos la hist\u00f2ria &#8220;El llarg viatge de l&#8217;arc de Sant Mart\u00ed&#8221; i parlar sobre un projecte que farem al llarg del segon i tercer trimestre. Es tracta de realitzar una [&hellip;]<\/p>\n","protected":false},"author":1,"featured_media":0,"comment_status":"open","ping_status":"closed","sticky":false,"template":"","format":"standard","meta":{"_bbp_topic_count":0,"_bbp_reply_count":0,"_bbp_total_topic_count":0,"_bbp_total_reply_count":0,"_bbp_voice_count":0,"_bbp_anonymous_reply_count":0,"_bbp_topic_count_hidden":0,"_bbp_reply_count_hidden":0,"_bbp_forum_subforum_count":0,"site-sidebar-layout":"default","site-content-layout":"","ast-site-content-layout":"","site-content-style":"default","site-sidebar-style":"default","ast-global-header-display":"","ast-banner-title-visibility":"","ast-main-header-display":"","ast-hfb-above-header-display":"","ast-hfb-below-header-display":"","ast-hfb-mobile-header-display":"","site-post-title":"","ast-breadcrumbs-content":"","ast-featured-img":"","footer-sml-layout":"","theme-transparent-header-meta":"","adv-header-id-meta":"","stick-header-meta":"","header-above-stick-meta":"","header-main-stick-meta":"","header-below-stick-meta":"","astra-migrate-meta-layouts":"default","ast-page-background-enabled":"default","ast-page-background-meta":{"desktop":{"background-color":"var(--ast-global-color-4)","background-image":"","background-repeat":"repeat","background-position":"center center","background-size":"auto","background-attachment":"scroll","background-type":"","background-media":"","overlay-type":"","overlay-color":"","overlay-opacity":"","overlay-gradient":""},"tablet":{"background-color":"","background-image":"","background-repeat":"repeat","background-position":"center center","background-size":"auto","background-attachment":"scroll","background-type":"","background-media":"","overlay-type":"","overlay-color":"","overlay-opacity":"","overlay-gradient":""},"mobile":{"background-color":"","background-image":"","background-repeat":"repeat","background-position":"center center","background-size":"auto","background-attachment":"scroll","background-type":"","background-media":"","overlay-type":"","overlay-color":"","overlay-opacity":"","overlay-gradient":""}},"ast-content-background-meta":{"desktop":{"background-color":"var(--ast-global-color-5)","background-image":"","background-repeat":"repeat","background-position":"center center","background-size":"auto","background-attachment":"scroll","background-type":"","background-media":"","overlay-type":"","overlay-color":"","overlay-opacity":"","overlay-gradient":""},"tablet":{"background-color":"var(--ast-global-color-5)","background-image":"","background-repeat":"repeat","background-position":"center center","background-size":"auto","background-attachment":"scroll","background-type":"","background-media":"","overlay-type":"","overlay-color":"","overlay-opacity":"","overlay-gradient":""},"mobile":{"background-color":"var(--ast-global-color-5)","background-image":"","background-repeat":"repeat","background-position":"center center","background-size":"auto","background-attachment":"scroll","background-type":"","background-media":"","overlay-type":"","overlay-color":"","overlay-opacity":"","overlay-gradient":""}},"footnotes":""},"categories":[12,1,4,5],"tags":[],"class_list":["post-1621","post","type-post","status-publish","format-standard","hentry","category-3r-4t","category-general","category-portada","category-primaria"],"post_mailing_queue_ids":[],"_links":{"self":[{"href":"https:\/\/agora.xtec.cat\/esc-serradecollbas\/wp-json\/wp\/v2\/posts\/1621","targetHints":{"allow":["GET"]}}],"collection":[{"href":"https:\/\/agora.xtec.cat\/esc-serradecollbas\/wp-json\/wp\/v2\/posts"}],"about":[{"href":"https:\/\/agora.xtec.cat\/esc-serradecollbas\/wp-json\/wp\/v2\/types\/post"}],"author":[{"embeddable":true,"href":"https:\/\/agora.xtec.cat\/esc-serradecollbas\/wp-json\/wp\/v2\/users\/1"}],"replies":[{"embeddable":true,"href":"https:\/\/agora.xtec.cat\/esc-serradecollbas\/wp-json\/wp\/v2\/comments?post=1621"}],"version-history":[{"count":2,"href":"https:\/\/agora.xtec.cat\/esc-serradecollbas\/wp-json\/wp\/v2\/posts\/1621\/revisions"}],"predecessor-version":[{"id":1623,"href":"https:\/\/agora.xtec.cat\/esc-serradecollbas\/wp-json\/wp\/v2\/posts\/1621\/revisions\/1623"}],"wp:attachment":[{"href":"https:\/\/agora.xtec.cat\/esc-serradecollbas\/wp-json\/wp\/v2\/media?parent=1621"}],"wp:term":[{"taxonomy":"category","embeddable":true,"href":"https:\/\/agora.xtec.cat\/esc-serradecollbas\/wp-json\/wp\/v2\/categories?post=1621"},{"taxonomy":"post_tag","embeddable":true,"href":"https:\/\/agora.xtec.cat\/esc-serradecollbas\/wp-json\/wp\/v2\/tags?post=1621"}],"curies":[{"name":"wp","href":"https:\/\/api.w.org\/{rel}","templated":true}]}}