{"id":1602,"date":"2021-12-20T12:47:05","date_gmt":"2021-12-20T11:47:05","guid":{"rendered":"https:\/\/agora.xtec.cat\/esc-serradecollbas\/?p=1602"},"modified":"2021-12-20T12:47:05","modified_gmt":"2021-12-20T11:47:05","slug":"sortim-a-gaudir-de-la-natura-en-familia","status":"publish","type":"post","link":"https:\/\/agora.xtec.cat\/esc-serradecollbas\/general\/sortim-a-gaudir-de-la-natura-en-familia\/","title":{"rendered":"SORTIM A GAUDIR DE LA NATURA EN FAM\u00cdLIA"},"content":{"rendered":"<p>Hola fam\u00edlies,<\/p>\n<p>Des de l\u2019\u00e0rea d\u2019educaci\u00f3 f\u00edsica us proposo un activitat per fer durant aquestes vacances de nadal en fam\u00edlia. Es pot fer tant si us quedeu a casa com si marxeu alguns dies fora. Es tracta de fer una caminada per la natura, pot ser una excursi\u00f3 llarga o b\u00e9 una passejada m\u00e9s curta. La q\u00fcesti\u00f3 \u00e9s sortir a gaudir de l\u2019entorn natural que ens envolta, passar una bona estona en fam\u00edlia i fer activitat f\u00edsica.<\/p>\n<p>Us convido a que feu fotos de la sortida i que els infants les portin quan tornem a l\u2019escola aix\u00ed podrem compartir i ensenyar les experi\u00e8ncies viscudes amb els companys i companyes.<\/p>\n<p>A continuaci\u00f3 us deixo un enlla\u00e7 amb algunes excursions que podeu fer per tota la comarca de l\u2019Anoia. <a href=\"https:\/\/totnens.cat\/12-excursions-per-lanoia-amb-nens-petits\/\">https:\/\/totnens.cat\/12-excursions-per-lanoia-amb-nens-petits\/<\/a><\/p>\n<p>Animeu-vos a fer una sortideta, de ben segur que la gaudireu!<\/p>\n<p><a href=\"https:\/\/agora.xtec.cat\/esc-serradecollbas\/wp-content\/uploads\/usu2044\/2021\/12\/excursio-turu.jpg\"><img loading=\"lazy\" decoding=\"async\" class=\"aligncenter size-large wp-image-1604\" src=\"https:\/\/agora.xtec.cat\/esc-serradecollbas\/wp-content\/uploads\/usu2044\/2021\/12\/excursio-turu-1024x576.jpg\" alt=\"\" width=\"1024\" height=\"576\" srcset=\"https:\/\/agora.xtec.cat\/esc-serradecollbas\/wp-content\/uploads\/usu2044\/2021\/12\/excursio-turu-1024x576.jpg 1024w, https:\/\/agora.xtec.cat\/esc-serradecollbas\/wp-content\/uploads\/usu2044\/2021\/12\/excursio-turu-300x169.jpg 300w, https:\/\/agora.xtec.cat\/esc-serradecollbas\/wp-content\/uploads\/usu2044\/2021\/12\/excursio-turu-768x432.jpg 768w, https:\/\/agora.xtec.cat\/esc-serradecollbas\/wp-content\/uploads\/usu2044\/2021\/12\/excursio-turu.jpg 1280w\" sizes=\"auto, (max-width: 1024px) 100vw, 1024px\" \/><\/a><\/p>\n","protected":false},"excerpt":{"rendered":"<p>Hola fam\u00edlies, Des de l\u2019\u00e0rea d\u2019educaci\u00f3 f\u00edsica us proposo un activitat per fer durant aquestes vacances de nadal en fam\u00edlia. Es pot fer tant si us quedeu a casa com si marxeu alguns dies fora. Es tracta de fer una caminada per la natura, pot ser una excursi\u00f3 llarga o b\u00e9 una passejada m\u00e9s curta. [&hellip;]<\/p>\n","protected":false},"author":1,"featured_media":0,"comment_status":"open","ping_status":"closed","sticky":false,"template":"","format":"standard","meta":{"_bbp_topic_count":0,"_bbp_reply_count":0,"_bbp_total_topic_count":0,"_bbp_total_reply_count":0,"_bbp_voice_count":0,"_bbp_anonymous_reply_count":0,"_bbp_topic_count_hidden":0,"_bbp_reply_count_hidden":0,"_bbp_forum_subforum_count":0,"site-sidebar-layout":"default","site-content-layout":"","ast-site-content-layout":"","site-content-style":"default","site-sidebar-style":"default","ast-global-header-display":"","ast-banner-title-visibility":"","ast-main-header-display":"","ast-hfb-above-header-display":"","ast-hfb-below-header-display":"","ast-hfb-mobile-header-display":"","site-post-title":"","ast-breadcrumbs-content":"","ast-featured-img":"","footer-sml-layout":"","theme-transparent-header-meta":"","adv-header-id-meta":"","stick-header-meta":"","header-above-stick-meta":"","header-main-stick-meta":"","header-below-stick-meta":"","astra-migrate-meta-layouts":"default","ast-page-background-enabled":"default","ast-page-background-meta":{"desktop":{"background-color":"var(--ast-global-color-4)","background-image":"","background-repeat":"repeat","background-position":"center center","background-size":"auto","background-attachment":"scroll","background-type":"","background-media":"","overlay-type":"","overlay-color":"","overlay-opacity":"","overlay-gradient":""},"tablet":{"background-color":"","background-image":"","background-repeat":"repeat","background-position":"center center","background-size":"auto","background-attachment":"scroll","background-type":"","background-media":"","overlay-type":"","overlay-color":"","overlay-opacity":"","overlay-gradient":""},"mobile":{"background-color":"","background-image":"","background-repeat":"repeat","background-position":"center center","background-size":"auto","background-attachment":"scroll","background-type":"","background-media":"","overlay-type":"","overlay-color":"","overlay-opacity":"","overlay-gradient":""}},"ast-content-background-meta":{"desktop":{"background-color":"var(--ast-global-color-5)","background-image":"","background-repeat":"repeat","background-position":"center center","background-size":"auto","background-attachment":"scroll","background-type":"","background-media":"","overlay-type":"","overlay-color":"","overlay-opacity":"","overlay-gradient":""},"tablet":{"background-color":"var(--ast-global-color-5)","background-image":"","background-repeat":"repeat","background-position":"center center","background-size":"auto","background-attachment":"scroll","background-type":"","background-media":"","overlay-type":"","overlay-color":"","overlay-opacity":"","overlay-gradient":""},"mobile":{"background-color":"var(--ast-global-color-5)","background-image":"","background-repeat":"repeat","background-position":"center center","background-size":"auto","background-attachment":"scroll","background-type":"","background-media":"","overlay-type":"","overlay-color":"","overlay-opacity":"","overlay-gradient":""}},"footnotes":""},"categories":[10,12,15,1,4,5],"tags":[],"class_list":["post-1602","post","type-post","status-publish","format-standard","hentry","category-1r-2n","category-3r-4t","category-5e-6e","category-general","category-portada","category-primaria"],"post_mailing_queue_ids":[],"_links":{"self":[{"href":"https:\/\/agora.xtec.cat\/esc-serradecollbas\/wp-json\/wp\/v2\/posts\/1602","targetHints":{"allow":["GET"]}}],"collection":[{"href":"https:\/\/agora.xtec.cat\/esc-serradecollbas\/wp-json\/wp\/v2\/posts"}],"about":[{"href":"https:\/\/agora.xtec.cat\/esc-serradecollbas\/wp-json\/wp\/v2\/types\/post"}],"author":[{"embeddable":true,"href":"https:\/\/agora.xtec.cat\/esc-serradecollbas\/wp-json\/wp\/v2\/users\/1"}],"replies":[{"embeddable":true,"href":"https:\/\/agora.xtec.cat\/esc-serradecollbas\/wp-json\/wp\/v2\/comments?post=1602"}],"version-history":[{"count":1,"href":"https:\/\/agora.xtec.cat\/esc-serradecollbas\/wp-json\/wp\/v2\/posts\/1602\/revisions"}],"predecessor-version":[{"id":1605,"href":"https:\/\/agora.xtec.cat\/esc-serradecollbas\/wp-json\/wp\/v2\/posts\/1602\/revisions\/1605"}],"wp:attachment":[{"href":"https:\/\/agora.xtec.cat\/esc-serradecollbas\/wp-json\/wp\/v2\/media?parent=1602"}],"wp:term":[{"taxonomy":"category","embeddable":true,"href":"https:\/\/agora.xtec.cat\/esc-serradecollbas\/wp-json\/wp\/v2\/categories?post=1602"},{"taxonomy":"post_tag","embeddable":true,"href":"https:\/\/agora.xtec.cat\/esc-serradecollbas\/wp-json\/wp\/v2\/tags?post=1602"}],"curies":[{"name":"wp","href":"https:\/\/api.w.org\/{rel}","templated":true}]}}