{"id":1582,"date":"2021-12-01T11:14:13","date_gmt":"2021-12-01T10:14:13","guid":{"rendered":"https:\/\/agora.xtec.cat\/esc-serradecollbas\/?p=1582"},"modified":"2021-12-01T11:14:13","modified_gmt":"2021-12-01T10:14:13","slug":"acomiadem-el-projecte-de-la-frida-amb-un-viva-la-vida","status":"publish","type":"post","link":"https:\/\/agora.xtec.cat\/esc-serradecollbas\/general\/acomiadem-el-projecte-de-la-frida-amb-un-viva-la-vida\/","title":{"rendered":"Acomiadem el projecte de la Frida amb un &#8220;VIVA LA VIDA&#8221;"},"content":{"rendered":"<p>A la classe de la Frida Kahlo hem volgut tancar el projecte\u00a0 amb l&#8217;elaboraci\u00f3 grupal de la seva darrera obra abans de morir: &#8220;VIVA LA VIDA&#8221;. Ens vam fixar molt b\u00e9 en aquest quadre tan alegre de s\u00edndries de diferents formes i colors. Entre d&#8217;altres, les vam comptar i vam veure que n&#8217;hi havia 7, tantes com alumnes som ara mateix a l&#8217;aula.<\/p>\n<p>A partir d&#8217;aqu\u00ed, cadasc\u00fa en va triar una i ens vam disposar a fer-les. Vam utilitzar uns cartrons de siluetes amb formes diferents, per identificar la nostra. Un cop identificada la nostra silueta, la vam repassar en una cartolina. Per pintar-les, ens vam fixar molt b\u00e9 en les diferents tonalitats i vam haver de fer barreges per aconseguir que els colors fossin el m\u00e9s semblants possible.\u00a0 Un cop pintades, les vam retallar o punxar. Paral\u00b7lelament, vam pintar una cartolina sencera recreant el fons de l&#8217;obra on poder situar les nostres s\u00edndries.<\/p>\n<p>Finalment, fixant-nos molt b\u00e9 en les posicions de cada s\u00edndria, vam anar enganxant-les una per una per tal d&#8217;aconseguir la composici\u00f3 final.<\/p>\n<p>Si voleu veure tot el proc\u00e9s i resultat final, aqu\u00ed ho teniu!<a href=\"https:\/\/photos.app.goo.gl\/95TP5RU7TsbUeEgj8\"><img loading=\"lazy\" decoding=\"async\" class=\"alignleft size-large\" src=\"https:\/\/lh3.googleusercontent.com\/pw\/AM-JKLXf3E4DvEjoqUs8OqvH5DSJseBVq_Y-1jBqoEZk8NpvgWnM7MNhIQR1D8C7zzOqss_1TnnkrTXm_N2NK9lp_cHtSxHNCJDGhofQs6k7_IlRhH0-w2PVmXjyS9SqOB-X9Rq0_lZ4UGzI672jZrxWakTn=w640-h480-no?authuser=0\" width=\"640\" height=\"480\" \/><\/a><\/p>\n","protected":false},"excerpt":{"rendered":"<p>A la classe de la Frida Kahlo hem volgut tancar el projecte\u00a0 amb l&#8217;elaboraci\u00f3 grupal de la seva darrera obra abans de morir: &#8220;VIVA LA VIDA&#8221;. Ens vam fixar molt b\u00e9 en aquest quadre tan alegre de s\u00edndries de diferents formes i colors. Entre d&#8217;altres, les vam comptar i vam veure que n&#8217;hi havia 7, [&hellip;]<\/p>\n","protected":false},"author":1,"featured_media":0,"comment_status":"open","ping_status":"closed","sticky":false,"template":"","format":"standard","meta":{"_bbp_topic_count":0,"_bbp_reply_count":0,"_bbp_total_topic_count":0,"_bbp_total_reply_count":0,"_bbp_voice_count":0,"_bbp_anonymous_reply_count":0,"_bbp_topic_count_hidden":0,"_bbp_reply_count_hidden":0,"_bbp_forum_subforum_count":0,"site-sidebar-layout":"default","site-content-layout":"","ast-site-content-layout":"","site-content-style":"default","site-sidebar-style":"default","ast-global-header-display":"","ast-banner-title-visibility":"","ast-main-header-display":"","ast-hfb-above-header-display":"","ast-hfb-below-header-display":"","ast-hfb-mobile-header-display":"","site-post-title":"","ast-breadcrumbs-content":"","ast-featured-img":"","footer-sml-layout":"","theme-transparent-header-meta":"","adv-header-id-meta":"","stick-header-meta":"","header-above-stick-meta":"","header-main-stick-meta":"","header-below-stick-meta":"","astra-migrate-meta-layouts":"default","ast-page-background-enabled":"default","ast-page-background-meta":{"desktop":{"background-color":"var(--ast-global-color-4)","background-image":"","background-repeat":"repeat","background-position":"center center","background-size":"auto","background-attachment":"scroll","background-type":"","background-media":"","overlay-type":"","overlay-color":"","overlay-opacity":"","overlay-gradient":""},"tablet":{"background-color":"","background-image":"","background-repeat":"repeat","background-position":"center center","background-size":"auto","background-attachment":"scroll","background-type":"","background-media":"","overlay-type":"","overlay-color":"","overlay-opacity":"","overlay-gradient":""},"mobile":{"background-color":"","background-image":"","background-repeat":"repeat","background-position":"center center","background-size":"auto","background-attachment":"scroll","background-type":"","background-media":"","overlay-type":"","overlay-color":"","overlay-opacity":"","overlay-gradient":""}},"ast-content-background-meta":{"desktop":{"background-color":"var(--ast-global-color-5)","background-image":"","background-repeat":"repeat","background-position":"center center","background-size":"auto","background-attachment":"scroll","background-type":"","background-media":"","overlay-type":"","overlay-color":"","overlay-opacity":"","overlay-gradient":""},"tablet":{"background-color":"var(--ast-global-color-5)","background-image":"","background-repeat":"repeat","background-position":"center center","background-size":"auto","background-attachment":"scroll","background-type":"","background-media":"","overlay-type":"","overlay-color":"","overlay-opacity":"","overlay-gradient":""},"mobile":{"background-color":"var(--ast-global-color-5)","background-image":"","background-repeat":"repeat","background-position":"center center","background-size":"auto","background-attachment":"scroll","background-type":"","background-media":"","overlay-type":"","overlay-color":"","overlay-opacity":"","overlay-gradient":""}},"footnotes":""},"categories":[1,2,4],"tags":[],"class_list":["post-1582","post","type-post","status-publish","format-standard","hentry","category-general","category-infantil","category-portada"],"post_mailing_queue_ids":[],"_links":{"self":[{"href":"https:\/\/agora.xtec.cat\/esc-serradecollbas\/wp-json\/wp\/v2\/posts\/1582","targetHints":{"allow":["GET"]}}],"collection":[{"href":"https:\/\/agora.xtec.cat\/esc-serradecollbas\/wp-json\/wp\/v2\/posts"}],"about":[{"href":"https:\/\/agora.xtec.cat\/esc-serradecollbas\/wp-json\/wp\/v2\/types\/post"}],"author":[{"embeddable":true,"href":"https:\/\/agora.xtec.cat\/esc-serradecollbas\/wp-json\/wp\/v2\/users\/1"}],"replies":[{"embeddable":true,"href":"https:\/\/agora.xtec.cat\/esc-serradecollbas\/wp-json\/wp\/v2\/comments?post=1582"}],"version-history":[{"count":1,"href":"https:\/\/agora.xtec.cat\/esc-serradecollbas\/wp-json\/wp\/v2\/posts\/1582\/revisions"}],"predecessor-version":[{"id":1583,"href":"https:\/\/agora.xtec.cat\/esc-serradecollbas\/wp-json\/wp\/v2\/posts\/1582\/revisions\/1583"}],"wp:attachment":[{"href":"https:\/\/agora.xtec.cat\/esc-serradecollbas\/wp-json\/wp\/v2\/media?parent=1582"}],"wp:term":[{"taxonomy":"category","embeddable":true,"href":"https:\/\/agora.xtec.cat\/esc-serradecollbas\/wp-json\/wp\/v2\/categories?post=1582"},{"taxonomy":"post_tag","embeddable":true,"href":"https:\/\/agora.xtec.cat\/esc-serradecollbas\/wp-json\/wp\/v2\/tags?post=1582"}],"curies":[{"name":"wp","href":"https:\/\/api.w.org\/{rel}","templated":true}]}}