{"id":1550,"date":"2021-11-25T11:51:25","date_gmt":"2021-11-25T10:51:25","guid":{"rendered":"https:\/\/agora.xtec.cat\/esc-serradecollbas\/?p=1550"},"modified":"2021-11-25T11:51:25","modified_gmt":"2021-11-25T10:51:25","slug":"nou-consell-escolar","status":"publish","type":"post","link":"https:\/\/agora.xtec.cat\/esc-serradecollbas\/general\/nou-consell-escolar\/","title":{"rendered":"Nou Consell Escolar"},"content":{"rendered":"<p>Ahir es van celebrar les eleccions al Consell Escolar del sector fam\u00edlies i sector mestres.<\/p>\n<p>Referent al sector fam\u00edlies van assistir 30 votants de 86 persones al cens, aix\u00f2 representa un 34,88% de participaci\u00f3. Els vots van quedar repartits de la seg\u00fcent manera:<\/p>\n<ul>\n<li>Haydee torres Guitart, 28 vots<\/li>\n<li>J\u00e9nifer L\u00f3pez Hern\u00e1ndez, 21 vots<\/li>\n<li>Imma Hernan Sendra, 6 vots<\/li>\n<\/ul>\n<p>Com que hi havia 2 vacants, l&#8217;Haydee i la Jeni s\u00f3n les membres escollides pels propers 4 anys.<\/p>\n<p>Pel que fa al sector de mestres, van votar 9 mestres dels 11 amb dret a vot, aix\u00f2 representa un 81,82% de participaci\u00f3 i el resultat obtingut ha estat el seg\u00fcent:<\/p>\n<ul>\n<li>Jordi Ju\u00e1rez Tamayo, 9 vots<\/li>\n<li>Paula R\u00e0mia Vidal,0 vots<\/li>\n<li>Roser Moyano Ac\u00edn, 0 vots<\/li>\n<li>Montserrat Badia Rivas, 0 vots<\/li>\n<\/ul>\n<p>Com que hi havia 1 vacant, resulta membre del Consell per 4 anys el Jordi.<\/p>\n<p>Aix\u00ed doncs, EL CONSELL ESCOLAR SERRA DE COLL-BAS estar\u00e0 format per:<\/p>\n<p>SECTOR FAM\u00cdLIES (4 membres)<\/p>\n<ol>\n<li>Maria Carme Valls<\/li>\n<li>Haydee Torres<\/li>\n<li>J\u00e9nifer L\u00f3pez<\/li>\n<li>Aida Prats (representant AMPA<\/li>\n<\/ol>\n<p>SECTOR MESTRES (4 membres)<\/p>\n<ol>\n<li>Vanesa Torn\u00e9<\/li>\n<li>Laura Pons<\/li>\n<li>N\u00faria Sans<\/li>\n<li>Jorge Ju\u00e1rez<\/li>\n<\/ol>\n<p>EQUIP DIRECTU<\/p>\n<ol>\n<li>Montserrat Borr\u00e0s (amb veu sense vot)<\/li>\n<li>Cristina Roca<\/li>\n<\/ol>\n<p>REPRESENTANT DE L&#8217;AJUNTAMENT<\/p>\n<ul>\n<li>Rosa Mari Riba<\/li>\n<\/ul>\n<p>Molt\u00edssimes gr\u00e0cies per la vostra participaci\u00f3, entre tots fem escola!<\/p>\n<p>&nbsp;<\/p>\n<p>&nbsp;<\/p>\n","protected":false},"excerpt":{"rendered":"<p>Ahir es van celebrar les eleccions al Consell Escolar del sector fam\u00edlies i sector mestres. Referent al sector fam\u00edlies van assistir 30 votants de 86 persones al cens, aix\u00f2 representa un 34,88% de participaci\u00f3. Els vots van quedar repartits de la seg\u00fcent manera: Haydee torres Guitart, 28 vots J\u00e9nifer L\u00f3pez Hern\u00e1ndez, 21 vots Imma Hernan [&hellip;]<\/p>\n","protected":false},"author":1,"featured_media":0,"comment_status":"open","ping_status":"closed","sticky":false,"template":"","format":"standard","meta":{"_bbp_topic_count":0,"_bbp_reply_count":0,"_bbp_total_topic_count":0,"_bbp_total_reply_count":0,"_bbp_voice_count":0,"_bbp_anonymous_reply_count":0,"_bbp_topic_count_hidden":0,"_bbp_reply_count_hidden":0,"_bbp_forum_subforum_count":0,"site-sidebar-layout":"default","site-content-layout":"","ast-site-content-layout":"","site-content-style":"default","site-sidebar-style":"default","ast-global-header-display":"","ast-banner-title-visibility":"","ast-main-header-display":"","ast-hfb-above-header-display":"","ast-hfb-below-header-display":"","ast-hfb-mobile-header-display":"","site-post-title":"","ast-breadcrumbs-content":"","ast-featured-img":"","footer-sml-layout":"","theme-transparent-header-meta":"","adv-header-id-meta":"","stick-header-meta":"","header-above-stick-meta":"","header-main-stick-meta":"","header-below-stick-meta":"","astra-migrate-meta-layouts":"default","ast-page-background-enabled":"default","ast-page-background-meta":{"desktop":{"background-color":"var(--ast-global-color-4)","background-image":"","background-repeat":"repeat","background-position":"center center","background-size":"auto","background-attachment":"scroll","background-type":"","background-media":"","overlay-type":"","overlay-color":"","overlay-opacity":"","overlay-gradient":""},"tablet":{"background-color":"","background-image":"","background-repeat":"repeat","background-position":"center center","background-size":"auto","background-attachment":"scroll","background-type":"","background-media":"","overlay-type":"","overlay-color":"","overlay-opacity":"","overlay-gradient":""},"mobile":{"background-color":"","background-image":"","background-repeat":"repeat","background-position":"center center","background-size":"auto","background-attachment":"scroll","background-type":"","background-media":"","overlay-type":"","overlay-color":"","overlay-opacity":"","overlay-gradient":""}},"ast-content-background-meta":{"desktop":{"background-color":"var(--ast-global-color-5)","background-image":"","background-repeat":"repeat","background-position":"center center","background-size":"auto","background-attachment":"scroll","background-type":"","background-media":"","overlay-type":"","overlay-color":"","overlay-opacity":"","overlay-gradient":""},"tablet":{"background-color":"var(--ast-global-color-5)","background-image":"","background-repeat":"repeat","background-position":"center center","background-size":"auto","background-attachment":"scroll","background-type":"","background-media":"","overlay-type":"","overlay-color":"","overlay-opacity":"","overlay-gradient":""},"mobile":{"background-color":"var(--ast-global-color-5)","background-image":"","background-repeat":"repeat","background-position":"center center","background-size":"auto","background-attachment":"scroll","background-type":"","background-media":"","overlay-type":"","overlay-color":"","overlay-opacity":"","overlay-gradient":""}},"footnotes":""},"categories":[1,4],"tags":[],"class_list":["post-1550","post","type-post","status-publish","format-standard","hentry","category-general","category-portada"],"post_mailing_queue_ids":[],"_links":{"self":[{"href":"https:\/\/agora.xtec.cat\/esc-serradecollbas\/wp-json\/wp\/v2\/posts\/1550","targetHints":{"allow":["GET"]}}],"collection":[{"href":"https:\/\/agora.xtec.cat\/esc-serradecollbas\/wp-json\/wp\/v2\/posts"}],"about":[{"href":"https:\/\/agora.xtec.cat\/esc-serradecollbas\/wp-json\/wp\/v2\/types\/post"}],"author":[{"embeddable":true,"href":"https:\/\/agora.xtec.cat\/esc-serradecollbas\/wp-json\/wp\/v2\/users\/1"}],"replies":[{"embeddable":true,"href":"https:\/\/agora.xtec.cat\/esc-serradecollbas\/wp-json\/wp\/v2\/comments?post=1550"}],"version-history":[{"count":1,"href":"https:\/\/agora.xtec.cat\/esc-serradecollbas\/wp-json\/wp\/v2\/posts\/1550\/revisions"}],"predecessor-version":[{"id":1551,"href":"https:\/\/agora.xtec.cat\/esc-serradecollbas\/wp-json\/wp\/v2\/posts\/1550\/revisions\/1551"}],"wp:attachment":[{"href":"https:\/\/agora.xtec.cat\/esc-serradecollbas\/wp-json\/wp\/v2\/media?parent=1550"}],"wp:term":[{"taxonomy":"category","embeddable":true,"href":"https:\/\/agora.xtec.cat\/esc-serradecollbas\/wp-json\/wp\/v2\/categories?post=1550"},{"taxonomy":"post_tag","embeddable":true,"href":"https:\/\/agora.xtec.cat\/esc-serradecollbas\/wp-json\/wp\/v2\/tags?post=1550"}],"curies":[{"name":"wp","href":"https:\/\/api.w.org\/{rel}","templated":true}]}}