{"id":1495,"date":"2021-11-08T13:00:44","date_gmt":"2021-11-08T12:00:44","guid":{"rendered":"https:\/\/agora.xtec.cat\/esc-serradecollbas\/?p=1495"},"modified":"2022-05-26T17:00:06","modified_gmt":"2022-05-26T15:00:06","slug":"sortida-al-rec-de-carme","status":"publish","type":"post","link":"https:\/\/agora.xtec.cat\/esc-serradecollbas\/general\/sortida-al-rec-de-carme\/","title":{"rendered":"SORTIDA AL REC DE CARME"},"content":{"rendered":"<p>Bon dia fam\u00edlies,<\/p>\n<p>Com ja sabeu, l&#8217;escola de Carme fa tres anys que duu a terme un projecte anomenat &#8220;Apadrinem el nostre patrimoni&#8221; i \u00e9s per aix\u00f2, que avui els alumnes de CM i CS hem engegat l&#8217;\u00faltim any del projecte amb una sortida al Rec de Carme. La veritat \u00e9s que l&#8217;entorn del Rec \u00e9s preci\u00f3s per\u00f2 avui ens hem quedat molt sorpresos al veure que est\u00e0 totalment sec. Incre\u00efble!<\/p>\n<p>Ho voleu veure vosaltres mateixos?<\/p>\n<p><a href=\"https:\/\/photos.app.goo.gl\/yDawdcRToNBFJEws8\"><img loading=\"lazy\" decoding=\"async\" class=\"aligncenter size-large\" src=\"https:\/\/lh3.googleusercontent.com\/tSeJtTORrQOLal4GX-zG4keblL8WI33B-HqRJIov0_YpaZHAASLNGH_vs6VVz6WR87D0TS7q0jS0212rZWSXCXzN1YO5B8-je0KD0hE1F49iZbj0EQTwlnNfEWY2ZzVPWvioRCWkxcXlmrb9lhI_Q5mXDkKO-gz2uPyIaCBGnZn0PwGO4De4laRiadsPsvnSdyWboSmz30dVIq-9vGWVeqNVTrrnDyVK7bsrN5_wXh5RCSRawAewZjcN0_66i0sQUQB98C6PrS8MF0UP_ysXRNRgRSkgTYrTnCfvKv6DHT6FXgkA-bbD_os6oMlklwcGWbaldnTR9bQZioDGiDAmEEaenUg7VSy0-c5IDaQp8qt-joB2I4Dlsg99l3LJrNDFR1BaqUsMhdJjLHsfZol-GKlFqKzMZ7EGK2Nm_qw7CEmW9FZWd4zhbpHyCnwevaXkufrR0sKDZtlT7gtUV3X0-V9K3RUhFIcTjCVlQxMXEI4xDKCJbxNYkSGyelNaJQVCyj4fpskTffcQtudjwEw5RE1JZF7T5-6x57Mxcg-FBsrKXguKLzrZSrHINlMKOw78un4qkUhxAae1zWu8rR6Ddj4nAXNKFbavhuC9q3IJeJf9p8cvChiRNHU_R1fxZ9RgLpf90xbTUWN7QAoDzBLT0J7T9cstoH2TscwNhRm9DnBq4vx8gM7_pfSQRQ5tiGtftO1P-9gJUPYBCqgRgT7j24i3=w640-h607-no?authuser=0\" width=\"640\" height=\"607\" \/><\/a><\/p>\n","protected":false},"excerpt":{"rendered":"<p>Bon dia fam\u00edlies, Com ja sabeu, l&#8217;escola de Carme fa tres anys que duu a terme un projecte anomenat &#8220;Apadrinem el nostre patrimoni&#8221; i \u00e9s per aix\u00f2, que avui els alumnes de CM i CS hem engegat l&#8217;\u00faltim any del projecte amb una sortida al Rec de Carme. La veritat \u00e9s que l&#8217;entorn del Rec [&hellip;]<\/p>\n","protected":false},"author":7,"featured_media":0,"comment_status":"open","ping_status":"closed","sticky":false,"template":"","format":"standard","meta":{"_bbp_topic_count":0,"_bbp_reply_count":0,"_bbp_total_topic_count":0,"_bbp_total_reply_count":0,"_bbp_voice_count":0,"_bbp_anonymous_reply_count":0,"_bbp_topic_count_hidden":0,"_bbp_reply_count_hidden":0,"_bbp_forum_subforum_count":0,"site-sidebar-layout":"default","site-content-layout":"","ast-site-content-layout":"","site-content-style":"default","site-sidebar-style":"default","ast-global-header-display":"","ast-banner-title-visibility":"","ast-main-header-display":"","ast-hfb-above-header-display":"","ast-hfb-below-header-display":"","ast-hfb-mobile-header-display":"","site-post-title":"","ast-breadcrumbs-content":"","ast-featured-img":"","footer-sml-layout":"","theme-transparent-header-meta":"","adv-header-id-meta":"","stick-header-meta":"","header-above-stick-meta":"","header-main-stick-meta":"","header-below-stick-meta":"","astra-migrate-meta-layouts":"default","ast-page-background-enabled":"default","ast-page-background-meta":{"desktop":{"background-color":"var(--ast-global-color-4)","background-image":"","background-repeat":"repeat","background-position":"center center","background-size":"auto","background-attachment":"scroll","background-type":"","background-media":"","overlay-type":"","overlay-color":"","overlay-opacity":"","overlay-gradient":""},"tablet":{"background-color":"","background-image":"","background-repeat":"repeat","background-position":"center center","background-size":"auto","background-attachment":"scroll","background-type":"","background-media":"","overlay-type":"","overlay-color":"","overlay-opacity":"","overlay-gradient":""},"mobile":{"background-color":"","background-image":"","background-repeat":"repeat","background-position":"center center","background-size":"auto","background-attachment":"scroll","background-type":"","background-media":"","overlay-type":"","overlay-color":"","overlay-opacity":"","overlay-gradient":""}},"ast-content-background-meta":{"desktop":{"background-color":"var(--ast-global-color-5)","background-image":"","background-repeat":"repeat","background-position":"center center","background-size":"auto","background-attachment":"scroll","background-type":"","background-media":"","overlay-type":"","overlay-color":"","overlay-opacity":"","overlay-gradient":""},"tablet":{"background-color":"var(--ast-global-color-5)","background-image":"","background-repeat":"repeat","background-position":"center center","background-size":"auto","background-attachment":"scroll","background-type":"","background-media":"","overlay-type":"","overlay-color":"","overlay-opacity":"","overlay-gradient":""},"mobile":{"background-color":"var(--ast-global-color-5)","background-image":"","background-repeat":"repeat","background-position":"center center","background-size":"auto","background-attachment":"scroll","background-type":"","background-media":"","overlay-type":"","overlay-color":"","overlay-opacity":"","overlay-gradient":""}},"footnotes":""},"categories":[65,12,15,1,4,5],"tags":[],"class_list":["post-1495","post","type-post","status-publish","format-standard","hentry","category-apadrinem-el-nostre-patrimoni","category-3r-4t","category-5e-6e","category-general","category-portada","category-primaria"],"post_mailing_queue_ids":[],"_links":{"self":[{"href":"https:\/\/agora.xtec.cat\/esc-serradecollbas\/wp-json\/wp\/v2\/posts\/1495","targetHints":{"allow":["GET"]}}],"collection":[{"href":"https:\/\/agora.xtec.cat\/esc-serradecollbas\/wp-json\/wp\/v2\/posts"}],"about":[{"href":"https:\/\/agora.xtec.cat\/esc-serradecollbas\/wp-json\/wp\/v2\/types\/post"}],"author":[{"embeddable":true,"href":"https:\/\/agora.xtec.cat\/esc-serradecollbas\/wp-json\/wp\/v2\/users\/7"}],"replies":[{"embeddable":true,"href":"https:\/\/agora.xtec.cat\/esc-serradecollbas\/wp-json\/wp\/v2\/comments?post=1495"}],"version-history":[{"count":2,"href":"https:\/\/agora.xtec.cat\/esc-serradecollbas\/wp-json\/wp\/v2\/posts\/1495\/revisions"}],"predecessor-version":[{"id":1498,"href":"https:\/\/agora.xtec.cat\/esc-serradecollbas\/wp-json\/wp\/v2\/posts\/1495\/revisions\/1498"}],"wp:attachment":[{"href":"https:\/\/agora.xtec.cat\/esc-serradecollbas\/wp-json\/wp\/v2\/media?parent=1495"}],"wp:term":[{"taxonomy":"category","embeddable":true,"href":"https:\/\/agora.xtec.cat\/esc-serradecollbas\/wp-json\/wp\/v2\/categories?post=1495"},{"taxonomy":"post_tag","embeddable":true,"href":"https:\/\/agora.xtec.cat\/esc-serradecollbas\/wp-json\/wp\/v2\/tags?post=1495"}],"curies":[{"name":"wp","href":"https:\/\/api.w.org\/{rel}","templated":true}]}}